{"id":55577,"date":"2025-01-07T13:28:57","date_gmt":"2025-01-07T10:28:57","guid":{"rendered":"https:\/\/wingulamashahidi.org\/?p=55577"},"modified":"2025-09-18T21:29:32","modified_gmt":"2025-09-18T18:29:32","slug":"ging-jesus-nach-sechs-oder-acht-tagen-auf-den-berg","status":"publish","type":"post","link":"https:\/\/wingulamashahidi.org\/de\/2025\/01\/07\/ging-jesus-nach-sechs-oder-acht-tagen-auf-den-berg\/","title":{"rendered":"Ging Jesus nach sechs oder acht Tagen auf den Berg?"},"content":{"rendered":"<p><strong>Frage:<\/strong> In den Evangelien scheint es Unterschiede zu geben \u2013 ging Jesus nach <strong>sechs<\/strong> Tagen oder <strong>acht<\/strong> Tagen auf den Berg? In Matth\u00e4us\u202f17,1 und Markus\u202f9,2 hei\u00dft es \u201enach sechs Tagen\u201c, aber in Lukas\u202f9,28 hei\u00dft es \u201eetwa acht Tage\u201c. Wie passt das zusammen?<\/p>\n<hr \/>\n<p><strong>Verse zum Vergleich:<\/strong><\/p>\n<blockquote><p><strong>Matth\u00e4us 17,1 (Lutherbibel 2017)<\/strong><br \/>\nUnd nach sechs Tagen nahm Jesus zu sich Petrus und Jakobus und Johannes, seinen Bruder, und f\u00fchrte sie beiseits auf einen hohen Berg.<\/p><\/blockquote>\n<blockquote><p><strong>Markus 9,2 (Lutherbibel 2017)<\/strong><br \/>\nUnd nach sechs Tagen nahm Jesus Petrus, Jakobus und Johannes mit sich und f\u00fchrte sie auf einen hohen Berg, wo sie allein waren.<\/p><\/blockquote>\n<blockquote><p><strong>Lukas 9,28 (Lutherbibel 2017)<\/strong><br \/>\nUnd es begab sich nach diesen Reden bei acht Tagen, da\u00df er Petrus, Johannes und Jakobus zu sich nahm und auf einen Berg ging, zu beten.<\/p><\/blockquote>\n<hr \/>\n<p><strong>Welches ist korrekt \u2013 sechs oder acht Tage?<\/strong><\/p>\n<p>Es liegt <strong>kein Widerspruch<\/strong>, sondern eher eine unterschiedliche Art der Zeitrechnung oder der Betonung vor:<\/p>\n<ul>\n<li>Matth\u00e4us und Markus sprechen explizit von <strong>sechs Tagen<\/strong> nach der Aussprache Jesu (z.\u202fB. aus Matth\u00e4us\u202f16,28 \/ Markus\u202f9,1), in denen der Tag der Bergbesteigung <strong>nicht mitgez\u00e4hlt<\/strong> wird. Die Betonung liegt darauf: Es sind <strong>sechs volle Tage<\/strong> zwischen der Prophezeiung und dem Tag der Verkl\u00e4rung.<\/li>\n<li>Lukas hingegen benutzt eine allgemeinere Formulierung: <strong>\u201ebei acht Tagen\u201c<\/strong> oder \u201eetwa acht Tage\u201c (je nach \u00dcbersetzung).<br \/>\nDas Wort \u201ebei acht Tagen\u201c legt nahe, dass sowohl der Tag der Aussprache, die sechs darauffolgenden vollen Tage, als auch der Tag der Verkl\u00e4rung mit eingerechnet wurden \u2013 also in Summe acht Tage.<\/li>\n<\/ul>\n<hr \/>\n<p><strong>Warum ist die Verkl\u00e4rung theologisch wichtig?<\/strong><\/p>\n<p>Die Verkl\u00e4rung Jesu ist ein Schl\u00fcsselereignis in seinem Wirken. Sie gew\u00e4hrt den drei engsten J\u00fcngern \u2013 Petrus, Jakobus und Johannes \u2013 einen Blick auf Jesu g\u00f6ttliche Herrlichkeit und best\u00e4tigt:<\/p>\n<ul>\n<li>Seine Identit\u00e4t als Sohn Gottes,<\/li>\n<li>dass er das Gesetz und die Propheten erf\u00fcllt,<\/li>\n<li>und sie gibt eine Vorschau auf das kommende Reich Gottes.<\/li>\n<\/ul>\n<hr \/>\n<p><strong>Bibelzitate zu seiner Verkl\u00e4rung und Bedeutung:<\/strong><\/p>\n<blockquote><p><strong>Matth\u00e4us 17,2\u20133 (Lutherbibel 2017)<\/strong><br \/>\nUnd er wurde vor ihnen verkl\u00e4rt; sein Gesicht leuchtete wie die Sonne, und seine Kleider wurden wei\u00df wie das Licht. Und siehe, Mose und Elia erschienen und redeten mit ihm.<\/p><\/blockquote>\n<blockquote><p><strong>Matth\u00e4us 17,5 (Lutherbibel 2017)<\/strong><br \/>\nW\u00e4hrend er noch redete, siehe, da \u00fcberschattete sie eine lichte Wolke; und siehe, eine Stimme aus der Wolke sprach: \u201eDies ist mein lieber Sohn, an dem ich Wohlgefallen habe; den sollt ihr h\u00f6ren!\u201c<\/p><\/blockquote>\n<p>Diese Szenen best\u00e4tigen Jesu Ausspr\u00fcche, wie z.\u202fB. dass einige J\u00fcnger das Reich Gottes sehen w\u00fcrden, bevor es voll zur Ausf\u00fchrung k\u00e4me \u2013 nicht in seiner Gr\u00f6\u00dfe, aber als Vorbild seiner verherrlichten Herrschaft.<\/p>\n<hr \/>\n<p><strong>Geistliche Anwendung: Bist du bereit?<\/strong><\/p>\n<p>Die Verkl\u00e4rung weist nicht nur zur\u00fcck auf Jesu Leben, sondern auch nach vorn \u2013 auf seine Wiederkunft in Macht und Herrlichkeit. Der gleiche Jesus, der damals verkl\u00e4rt wurde, ist derselbe, der kommen wird, um \u00fcber Lebende und Tote zu richten.<\/p>\n<blockquote><p><strong>Lukas 12,35\u201136 (Lutherbibel 2017)<\/strong><br \/>\nWerdet aber wie Menschen, die bereit sind, wenn ihr Herr heimkehrt von der Hochzeit, damit sie, wenn er kommt und anklopft, sogleich auftun.<\/p><\/blockquote>\n<p>Frage dich selbst: Leuchten deine geistlichen Lampen? Lebst du noch in S\u00fcnde \u2013 sexueller Unmoral, Lieblosigkeit, spiritueller Kompromisse oder weltlicher Zerstreuung?<\/p>\n<blockquote><p><strong>1. Timotheus 4,1 (Lutherbibel 2017)<\/strong><br \/>\nDer Geist sagt deutlich, dass in sp\u00e4teren Zeiten manch einer vom Glauben abfallen wird und sich verf\u00fchrbaren Geistern und D\u00e4monenlehren zuwenden wird.<\/p><\/blockquote>\n<hr \/>\n<p><strong>Schlussfolgerung: Kein Widerspruch, sondern erg\u00e4nzende Berichte<\/strong><\/p>\n<p>Die Evangelisten haben unterschiedliche Blickwinkel und unterschiedliche Schwerpunkte, aber der Kern bleibt:<br \/>\n<strong>Jesus ist der verherrlichte Sohn Gottes<\/strong>, und wir werden aufgerufen, geistlich wachsam zu sein und bereit f\u00fcr seine R\u00fcckkehr.<\/p>\n<blockquote><p><strong>2. Petrus 1,16\u201117 (Lutherbibel 2017)<\/strong><br \/>\nDenn wir haben nicht die Fassungslosigkeit geredet, als wir euch die Macht und das Kommen unseres Herrn Jesus Christus kundgetan haben, sondern wir waren Zeugen seiner Majest\u00e4t, als er von Gott verkl\u00e4rt wurde \u2013 als vom Vater ihm Ehre und Herrlichkeit geschah, da aus der Majest\u00e4t die Stimme kam: \u201eDies ist mein lieber Sohn, an dem ich Wohlgefallen habe.\u201c<\/p><\/blockquote>\n<p>Maranatha! Der Herr kommt bald.<br \/>\nSei bereit. Bleibe heilig. Lass deine Lampe leuchten.<\/p>\n<hr \/>\n<div class='share-to-whatsapp-wrapper'><div class='share-on-whsp'>Share on: <\/div><a data-text='Ging Jesus nach sechs oder acht Tagen auf den Berg?' data-link='https:\/\/wingulamashahidi.org\/de\/2025\/01\/07\/ging-jesus-nach-sechs-oder-acht-tagen-auf-den-berg\/' class='whatsapp-button whatsapp-share'>WhatsApp<\/a><div class='clear '><\/div><\/div><p class=\"wpf_wrapper\"><a class=\"print_link\" href=\"\">Print this post<\/a><\/p><!-- .wpf_wrapper -->","protected":false},"excerpt":{"rendered":"<p>Frage: In den Evangelien scheint es Unterschiede zu geben \u2013 ging Jesus nach sechs Tagen oder acht Tagen auf den Berg? In Matth\u00e4us\u202f17,1 und Markus\u202f9,<\/p>\n","protected":false},"author":1198,"featured_media":55579,"comment_status":"open","ping_status":"closed","sticky":false,"template":"","format":"standard","meta":{"_exactmetrics_skip_tracking":false,"_exactmetrics_sitenote_active":false,"_exactmetrics_sitenote_note":"","_exactmetrics_sitenote_category":0,"episode_type":"audio","audio_file":"","podmotor_file_id":"","podmotor_episode_id":"","cover_image":"","cover_image_id":"","duration":"","filesize":"","filesize_raw":"","date_recorded":"","explicit":"","block":"","footnotes":""},"categories":[16908],"tags":[],"series":[],"class_list":["post-55577","post","type-post","status-publish","format-standard","has-post-thumbnail","hentry","category-nicht-kategorisiert"],"episode_featured_image":"https:\/\/wingulamashahidi.org\/wp-content\/uploads\/2025\/01\/download.jpg","episode_player_image":"https:\/\/wingulamashahidi.org\/wp-content\/plugins\/seriously-simple-podcasting\/assets\/images\/no-album-art.png","download_link":"","player_link":"","audio_player":false,"episode_data":{"playerMode":"dark","subscribeUrls":{"apple_podcasts":{"key":"apple_podcasts","url":"","label":"Apple Podcasts","class":"apple_podcasts","icon":"apple-podcasts.png"},"stitcher":{"key":"stitcher","url":"","label":"Stitcher","class":"stitcher","icon":"stitcher.png"},"google_podcasts":{"key":"google_podcasts","url":"","label":"Google Podcasts","class":"google_podcasts","icon":"google-podcasts.png"},"spotify":{"key":"spotify","url":"","label":"Spotify","class":"spotify","icon":"spotify.png"}},"rssFeedUrl":"https:\/\/wingulamashahidi.org\/de\/feed\/podcast\/wingu-la-mashahidi","embedCode":"<blockquote class=\"wp-embedded-content\" data-secret=\"MwrfAlx2iJ\"><a href=\"https:\/\/wingulamashahidi.org\/de\/2025\/01\/07\/ging-jesus-nach-sechs-oder-acht-tagen-auf-den-berg\/\">Ging Jesus nach sechs oder acht Tagen auf den Berg?<\/a><\/blockquote><iframe sandbox=\"allow-scripts\" security=\"restricted\" src=\"https:\/\/wingulamashahidi.org\/de\/2025\/01\/07\/ging-jesus-nach-sechs-oder-acht-tagen-auf-den-berg\/embed\/#?secret=MwrfAlx2iJ\" width=\"500\" height=\"350\" title=\"&#8222;Ging Jesus nach sechs oder acht Tagen auf den Berg?&#8220; &#8211; Wingu la Mashahidi\" data-secret=\"MwrfAlx2iJ\" frameborder=\"0\" marginwidth=\"0\" marginheight=\"0\" scrolling=\"no\" class=\"wp-embedded-content\"><\/iframe><script type=\"text\/javascript\">\n\/* <![CDATA[ *\/\n\/*! This file is auto-generated *\/\n!function(d,l){\"use strict\";l.querySelector&&d.addEventListener&&\"undefined\"!=typeof URL&&(d.wp=d.wp||{},d.wp.receiveEmbedMessage||(d.wp.receiveEmbedMessage=function(e){var t=e.data;if((t||t.secret||t.message||t.value)&&!\/[^a-zA-Z0-9]\/.test(t.secret)){for(var s,r,n,a=l.querySelectorAll('iframe[data-secret=\"'+t.secret+'\"]'),o=l.querySelectorAll('blockquote[data-secret=\"'+t.secret+'\"]'),c=new RegExp(\"^https?:$\",\"i\"),i=0;i<o.length;i++)o[i].style.display=\"none\";for(i=0;i<a.length;i++)s=a[i],e.source===s.contentWindow&&(s.removeAttribute(\"style\"),\"height\"===t.message?(1e3<(r=parseInt(t.value,10))?r=1e3:~~r<200&&(r=200),s.height=r):\"link\"===t.message&&(r=new URL(s.getAttribute(\"src\")),n=new URL(t.value),c.test(n.protocol))&&n.host===r.host&&l.activeElement===s&&(d.top.location.href=t.value))}},d.addEventListener(\"message\",d.wp.receiveEmbedMessage,!1),l.addEventListener(\"DOMContentLoaded\",function(){for(var e,t,s=l.querySelectorAll(\"iframe.wp-embedded-content\"),r=0;r<s.length;r++)(t=(e=s[r]).getAttribute(\"data-secret\"))||(t=Math.random().toString(36).substring(2,12),e.src+=\"#?secret=\"+t,e.setAttribute(\"data-secret\",t)),e.contentWindow.postMessage({message:\"ready\",secret:t},\"*\")},!1)))}(window,document);\n\/\/# sourceURL=https:\/\/wingulamashahidi.org\/wp-includes\/js\/wp-embed.min.js\n\/* ]]> *\/\n<\/script>\n"},"yoast_head":"<!-- This site is optimized with the Yoast SEO plugin v27.4 - https:\/\/yoast.com\/product\/yoast-seo-wordpress\/ -->\n<title>Ging Jesus nach sechs oder acht Tagen auf den Berg? &#8211; Site title<\/title>\n<meta name=\"robots\" content=\"index, follow, max-snippet:-1, max-image-preview:large, max-video-preview:-1\" \/>\n<link rel=\"canonical\" href=\"https:\/\/wingulamashahidi.org\/de\/2025\/01\/07\/ging-jesus-nach-sechs-oder-acht-tagen-auf-den-berg\/\" \/>\n<meta property=\"og:locale\" content=\"de_DE\" \/>\n<meta property=\"og:type\" content=\"article\" \/>\n<meta property=\"og:title\" content=\"Ging Jesus nach sechs oder acht Tagen auf den Berg? &#8211; Site title\" \/>\n<meta property=\"og:description\" content=\"Frage: In den Evangelien scheint es Unterschiede zu geben \u2013 ging Jesus nach sechs Tagen oder acht Tagen auf den Berg? In Matth\u00e4us\u202f17,1 und Markus\u202f9,\" \/>\n<meta property=\"og:url\" content=\"https:\/\/wingulamashahidi.org\/de\/2025\/01\/07\/ging-jesus-nach-sechs-oder-acht-tagen-auf-den-berg\/\" \/>\n<meta property=\"og:site_name\" content=\"Wingu la Mashahidi\" \/>\n<meta property=\"article:publisher\" content=\"https:\/\/web.facebook.com\/Wingu-La-Mashahidi-215927442275090\/\" \/>\n<meta property=\"article:published_time\" content=\"2025-01-07T10:28:57+00:00\" \/>\n<meta property=\"article:modified_time\" content=\"2025-09-18T18:29:32+00:00\" \/>\n<meta property=\"og:image\" content=\"https:\/\/wingulamashahidi.org\/wp-content\/uploads\/2025\/01\/download.jpg\" \/>\n\t<meta property=\"og:image:width\" content=\"233\" \/>\n\t<meta property=\"og:image:height\" content=\"216\" \/>\n\t<meta property=\"og:image:type\" content=\"image\/jpeg\" \/>\n<meta name=\"author\" content=\"Rehema Jonathan\" \/>\n<meta name=\"twitter:card\" content=\"summary_large_image\" \/>\n<meta name=\"twitter:creator\" content=\"@wingukuu07\" \/>\n<meta name=\"twitter:site\" content=\"@wingukuu07\" \/>\n<meta name=\"twitter:label1\" content=\"Verfasst von\" \/>\n\t<meta name=\"twitter:data1\" content=\"Rehema Jonathan\" \/>\n\t<meta name=\"twitter:label2\" content=\"Gesch\u00e4tzte Lesezeit\" \/>\n\t<meta name=\"twitter:data2\" content=\"3\u00a0Minuten\" \/>\n<script type=\"application\/ld+json\" class=\"yoast-schema-graph\">{\"@context\":\"https:\\\/\\\/schema.org\",\"@graph\":[{\"@type\":\"Article\",\"@id\":\"https:\\\/\\\/wingulamashahidi.org\\\/de\\\/2025\\\/01\\\/07\\\/ging-jesus-nach-sechs-oder-acht-tagen-auf-den-berg\\\/#article\",\"isPartOf\":{\"@id\":\"https:\\\/\\\/wingulamashahidi.org\\\/de\\\/2025\\\/01\\\/07\\\/ging-jesus-nach-sechs-oder-acht-tagen-auf-den-berg\\\/\"},\"author\":{\"name\":\"Rehema Jonathan\",\"@id\":\"https:\\\/\\\/wingulamashahidi.org\\\/de\\\/#\\\/schema\\\/person\\\/a8faab023f5889d406195cde9cf8346c\"},\"headline\":\"Ging Jesus nach sechs oder acht Tagen auf den Berg?\",\"datePublished\":\"2025-01-07T10:28:57+00:00\",\"dateModified\":\"2025-09-18T18:29:32+00:00\",\"mainEntityOfPage\":{\"@id\":\"https:\\\/\\\/wingulamashahidi.org\\\/de\\\/2025\\\/01\\\/07\\\/ging-jesus-nach-sechs-oder-acht-tagen-auf-den-berg\\\/\"},\"wordCount\":675,\"commentCount\":0,\"publisher\":{\"@id\":\"https:\\\/\\\/wingulamashahidi.org\\\/de\\\/#organization\"},\"image\":{\"@id\":\"https:\\\/\\\/wingulamashahidi.org\\\/de\\\/2025\\\/01\\\/07\\\/ging-jesus-nach-sechs-oder-acht-tagen-auf-den-berg\\\/#primaryimage\"},\"thumbnailUrl\":\"https:\\\/\\\/wingulamashahidi.org\\\/wp-content\\\/uploads\\\/2025\\\/01\\\/download.jpg\",\"articleSection\":[\"Nicht kategorisiert\"],\"inLanguage\":\"de\",\"potentialAction\":[{\"@type\":\"CommentAction\",\"name\":\"Comment\",\"target\":[\"https:\\\/\\\/wingulamashahidi.org\\\/de\\\/2025\\\/01\\\/07\\\/ging-jesus-nach-sechs-oder-acht-tagen-auf-den-berg\\\/#respond\"]}]},{\"@type\":\"WebPage\",\"@id\":\"https:\\\/\\\/wingulamashahidi.org\\\/de\\\/2025\\\/01\\\/07\\\/ging-jesus-nach-sechs-oder-acht-tagen-auf-den-berg\\\/\",\"url\":\"https:\\\/\\\/wingulamashahidi.org\\\/de\\\/2025\\\/01\\\/07\\\/ging-jesus-nach-sechs-oder-acht-tagen-auf-den-berg\\\/\",\"name\":\"Ging Jesus nach sechs oder acht Tagen auf den Berg? &#8211; Site title\",\"isPartOf\":{\"@id\":\"https:\\\/\\\/wingulamashahidi.org\\\/de\\\/#website\"},\"primaryImageOfPage\":{\"@id\":\"https:\\\/\\\/wingulamashahidi.org\\\/de\\\/2025\\\/01\\\/07\\\/ging-jesus-nach-sechs-oder-acht-tagen-auf-den-berg\\\/#primaryimage\"},\"image\":{\"@id\":\"https:\\\/\\\/wingulamashahidi.org\\\/de\\\/2025\\\/01\\\/07\\\/ging-jesus-nach-sechs-oder-acht-tagen-auf-den-berg\\\/#primaryimage\"},\"thumbnailUrl\":\"https:\\\/\\\/wingulamashahidi.org\\\/wp-content\\\/uploads\\\/2025\\\/01\\\/download.jpg\",\"datePublished\":\"2025-01-07T10:28:57+00:00\",\"dateModified\":\"2025-09-18T18:29:32+00:00\",\"breadcrumb\":{\"@id\":\"https:\\\/\\\/wingulamashahidi.org\\\/de\\\/2025\\\/01\\\/07\\\/ging-jesus-nach-sechs-oder-acht-tagen-auf-den-berg\\\/#breadcrumb\"},\"inLanguage\":\"de\",\"potentialAction\":[{\"@type\":\"ReadAction\",\"target\":[\"https:\\\/\\\/wingulamashahidi.org\\\/de\\\/2025\\\/01\\\/07\\\/ging-jesus-nach-sechs-oder-acht-tagen-auf-den-berg\\\/\"]}]},{\"@type\":\"ImageObject\",\"inLanguage\":\"de\",\"@id\":\"https:\\\/\\\/wingulamashahidi.org\\\/de\\\/2025\\\/01\\\/07\\\/ging-jesus-nach-sechs-oder-acht-tagen-auf-den-berg\\\/#primaryimage\",\"url\":\"https:\\\/\\\/wingulamashahidi.org\\\/wp-content\\\/uploads\\\/2025\\\/01\\\/download.jpg\",\"contentUrl\":\"https:\\\/\\\/wingulamashahidi.org\\\/wp-content\\\/uploads\\\/2025\\\/01\\\/download.jpg\",\"width\":233,\"height\":216},{\"@type\":\"BreadcrumbList\",\"@id\":\"https:\\\/\\\/wingulamashahidi.org\\\/de\\\/2025\\\/01\\\/07\\\/ging-jesus-nach-sechs-oder-acht-tagen-auf-den-berg\\\/#breadcrumb\",\"itemListElement\":[{\"@type\":\"ListItem\",\"position\":1,\"name\":\"Home\",\"item\":\"https:\\\/\\\/wingulamashahidi.org\\\/de\\\/\"},{\"@type\":\"ListItem\",\"position\":2,\"name\":\"Ging Jesus nach sechs oder acht Tagen auf den Berg?\"}]},{\"@type\":\"WebSite\",\"@id\":\"https:\\\/\\\/wingulamashahidi.org\\\/de\\\/#website\",\"url\":\"https:\\\/\\\/wingulamashahidi.org\\\/de\\\/\",\"name\":\"Wingu la Mashahidi\",\"description\":\"\",\"publisher\":{\"@id\":\"https:\\\/\\\/wingulamashahidi.org\\\/de\\\/#organization\"},\"potentialAction\":[{\"@type\":\"SearchAction\",\"target\":{\"@type\":\"EntryPoint\",\"urlTemplate\":\"https:\\\/\\\/wingulamashahidi.org\\\/de\\\/?s={search_term_string}\"},\"query-input\":{\"@type\":\"PropertyValueSpecification\",\"valueRequired\":true,\"valueName\":\"search_term_string\"}}],\"inLanguage\":\"de\"},{\"@type\":\"Organization\",\"@id\":\"https:\\\/\\\/wingulamashahidi.org\\\/de\\\/#organization\",\"name\":\"Die Wolke der Zeugen\",\"url\":\"https:\\\/\\\/wingulamashahidi.org\\\/de\\\/\",\"logo\":{\"@type\":\"ImageObject\",\"inLanguage\":\"de\",\"@id\":\"https:\\\/\\\/wingulamashahidi.org\\\/de\\\/#\\\/schema\\\/logo\\\/image\\\/\",\"url\":\"https:\\\/\\\/wingulamashahidi.org\\\/wp-content\\\/uploads\\\/2018\\\/08\\\/15420967_113066522521748_8712116330127403860_n.jpg\",\"contentUrl\":\"https:\\\/\\\/wingulamashahidi.org\\\/wp-content\\\/uploads\\\/2018\\\/08\\\/15420967_113066522521748_8712116330127403860_n.jpg\",\"width\":308,\"height\":308,\"caption\":\"Die Wolke der Zeugen\"},\"image\":{\"@id\":\"https:\\\/\\\/wingulamashahidi.org\\\/de\\\/#\\\/schema\\\/logo\\\/image\\\/\"},\"sameAs\":[\"https:\\\/\\\/web.facebook.com\\\/Wingu-La-Mashahidi-215927442275090\\\/\",\"https:\\\/\\\/x.com\\\/wingukuu07\"]},{\"@type\":\"Person\",\"@id\":\"https:\\\/\\\/wingulamashahidi.org\\\/de\\\/#\\\/schema\\\/person\\\/a8faab023f5889d406195cde9cf8346c\",\"name\":\"Rehema Jonathan\",\"image\":{\"@type\":\"ImageObject\",\"inLanguage\":\"de\",\"@id\":\"https:\\\/\\\/secure.gravatar.com\\\/avatar\\\/4d32888c36f3a8a3df7af14aed343affef876988da593b7618ccea3c1eb788a8?s=96&d=mm&r=g\",\"url\":\"https:\\\/\\\/secure.gravatar.com\\\/avatar\\\/4d32888c36f3a8a3df7af14aed343affef876988da593b7618ccea3c1eb788a8?s=96&d=mm&r=g\",\"contentUrl\":\"https:\\\/\\\/secure.gravatar.com\\\/avatar\\\/4d32888c36f3a8a3df7af14aed343affef876988da593b7618ccea3c1eb788a8?s=96&d=mm&r=g\",\"caption\":\"Rehema Jonathan\"}}]}<\/script>\n<!-- \/ Yoast SEO plugin. -->","yoast_head_json":{"title":"Ging Jesus nach sechs oder acht Tagen auf den Berg? &#8211; Site title","robots":{"index":"index","follow":"follow","max-snippet":"max-snippet:-1","max-image-preview":"max-image-preview:large","max-video-preview":"max-video-preview:-1"},"canonical":"https:\/\/wingulamashahidi.org\/de\/2025\/01\/07\/ging-jesus-nach-sechs-oder-acht-tagen-auf-den-berg\/","og_locale":"de_DE","og_type":"article","og_title":"Ging Jesus nach sechs oder acht Tagen auf den Berg? &#8211; Site title","og_description":"Frage: In den Evangelien scheint es Unterschiede zu geben \u2013 ging Jesus nach sechs Tagen oder acht Tagen auf den Berg? In Matth\u00e4us\u202f17,1 und Markus\u202f9,","og_url":"https:\/\/wingulamashahidi.org\/de\/2025\/01\/07\/ging-jesus-nach-sechs-oder-acht-tagen-auf-den-berg\/","og_site_name":"Wingu la Mashahidi","article_publisher":"https:\/\/web.facebook.com\/Wingu-La-Mashahidi-215927442275090\/","article_published_time":"2025-01-07T10:28:57+00:00","article_modified_time":"2025-09-18T18:29:32+00:00","og_image":[{"width":233,"height":216,"url":"https:\/\/wingulamashahidi.org\/wp-content\/uploads\/2025\/01\/download.jpg","type":"image\/jpeg"}],"author":"Rehema Jonathan","twitter_card":"summary_large_image","twitter_creator":"@wingukuu07","twitter_site":"@wingukuu07","twitter_misc":{"Verfasst von":"Rehema Jonathan","Gesch\u00e4tzte Lesezeit":"3\u00a0Minuten"},"schema":{"@context":"https:\/\/schema.org","@graph":[{"@type":"Article","@id":"https:\/\/wingulamashahidi.org\/de\/2025\/01\/07\/ging-jesus-nach-sechs-oder-acht-tagen-auf-den-berg\/#article","isPartOf":{"@id":"https:\/\/wingulamashahidi.org\/de\/2025\/01\/07\/ging-jesus-nach-sechs-oder-acht-tagen-auf-den-berg\/"},"author":{"name":"Rehema Jonathan","@id":"https:\/\/wingulamashahidi.org\/de\/#\/schema\/person\/a8faab023f5889d406195cde9cf8346c"},"headline":"Ging Jesus nach sechs oder acht Tagen auf den Berg?","datePublished":"2025-01-07T10:28:57+00:00","dateModified":"2025-09-18T18:29:32+00:00","mainEntityOfPage":{"@id":"https:\/\/wingulamashahidi.org\/de\/2025\/01\/07\/ging-jesus-nach-sechs-oder-acht-tagen-auf-den-berg\/"},"wordCount":675,"commentCount":0,"publisher":{"@id":"https:\/\/wingulamashahidi.org\/de\/#organization"},"image":{"@id":"https:\/\/wingulamashahidi.org\/de\/2025\/01\/07\/ging-jesus-nach-sechs-oder-acht-tagen-auf-den-berg\/#primaryimage"},"thumbnailUrl":"https:\/\/wingulamashahidi.org\/wp-content\/uploads\/2025\/01\/download.jpg","articleSection":["Nicht kategorisiert"],"inLanguage":"de","potentialAction":[{"@type":"CommentAction","name":"Comment","target":["https:\/\/wingulamashahidi.org\/de\/2025\/01\/07\/ging-jesus-nach-sechs-oder-acht-tagen-auf-den-berg\/#respond"]}]},{"@type":"WebPage","@id":"https:\/\/wingulamashahidi.org\/de\/2025\/01\/07\/ging-jesus-nach-sechs-oder-acht-tagen-auf-den-berg\/","url":"https:\/\/wingulamashahidi.org\/de\/2025\/01\/07\/ging-jesus-nach-sechs-oder-acht-tagen-auf-den-berg\/","name":"Ging Jesus nach sechs oder acht Tagen auf den Berg? &#8211; Site title","isPartOf":{"@id":"https:\/\/wingulamashahidi.org\/de\/#website"},"primaryImageOfPage":{"@id":"https:\/\/wingulamashahidi.org\/de\/2025\/01\/07\/ging-jesus-nach-sechs-oder-acht-tagen-auf-den-berg\/#primaryimage"},"image":{"@id":"https:\/\/wingulamashahidi.org\/de\/2025\/01\/07\/ging-jesus-nach-sechs-oder-acht-tagen-auf-den-berg\/#primaryimage"},"thumbnailUrl":"https:\/\/wingulamashahidi.org\/wp-content\/uploads\/2025\/01\/download.jpg","datePublished":"2025-01-07T10:28:57+00:00","dateModified":"2025-09-18T18:29:32+00:00","breadcrumb":{"@id":"https:\/\/wingulamashahidi.org\/de\/2025\/01\/07\/ging-jesus-nach-sechs-oder-acht-tagen-auf-den-berg\/#breadcrumb"},"inLanguage":"de","potentialAction":[{"@type":"ReadAction","target":["https:\/\/wingulamashahidi.org\/de\/2025\/01\/07\/ging-jesus-nach-sechs-oder-acht-tagen-auf-den-berg\/"]}]},{"@type":"ImageObject","inLanguage":"de","@id":"https:\/\/wingulamashahidi.org\/de\/2025\/01\/07\/ging-jesus-nach-sechs-oder-acht-tagen-auf-den-berg\/#primaryimage","url":"https:\/\/wingulamashahidi.org\/wp-content\/uploads\/2025\/01\/download.jpg","contentUrl":"https:\/\/wingulamashahidi.org\/wp-content\/uploads\/2025\/01\/download.jpg","width":233,"height":216},{"@type":"BreadcrumbList","@id":"https:\/\/wingulamashahidi.org\/de\/2025\/01\/07\/ging-jesus-nach-sechs-oder-acht-tagen-auf-den-berg\/#breadcrumb","itemListElement":[{"@type":"ListItem","position":1,"name":"Home","item":"https:\/\/wingulamashahidi.org\/de\/"},{"@type":"ListItem","position":2,"name":"Ging Jesus nach sechs oder acht Tagen auf den Berg?"}]},{"@type":"WebSite","@id":"https:\/\/wingulamashahidi.org\/de\/#website","url":"https:\/\/wingulamashahidi.org\/de\/","name":"Wingu la Mashahidi","description":"","publisher":{"@id":"https:\/\/wingulamashahidi.org\/de\/#organization"},"potentialAction":[{"@type":"SearchAction","target":{"@type":"EntryPoint","urlTemplate":"https:\/\/wingulamashahidi.org\/de\/?s={search_term_string}"},"query-input":{"@type":"PropertyValueSpecification","valueRequired":true,"valueName":"search_term_string"}}],"inLanguage":"de"},{"@type":"Organization","@id":"https:\/\/wingulamashahidi.org\/de\/#organization","name":"Die Wolke der Zeugen","url":"https:\/\/wingulamashahidi.org\/de\/","logo":{"@type":"ImageObject","inLanguage":"de","@id":"https:\/\/wingulamashahidi.org\/de\/#\/schema\/logo\/image\/","url":"https:\/\/wingulamashahidi.org\/wp-content\/uploads\/2018\/08\/15420967_113066522521748_8712116330127403860_n.jpg","contentUrl":"https:\/\/wingulamashahidi.org\/wp-content\/uploads\/2018\/08\/15420967_113066522521748_8712116330127403860_n.jpg","width":308,"height":308,"caption":"Die Wolke der Zeugen"},"image":{"@id":"https:\/\/wingulamashahidi.org\/de\/#\/schema\/logo\/image\/"},"sameAs":["https:\/\/web.facebook.com\/Wingu-La-Mashahidi-215927442275090\/","https:\/\/x.com\/wingukuu07"]},{"@type":"Person","@id":"https:\/\/wingulamashahidi.org\/de\/#\/schema\/person\/a8faab023f5889d406195cde9cf8346c","name":"Rehema Jonathan","image":{"@type":"ImageObject","inLanguage":"de","@id":"https:\/\/secure.gravatar.com\/avatar\/4d32888c36f3a8a3df7af14aed343affef876988da593b7618ccea3c1eb788a8?s=96&d=mm&r=g","url":"https:\/\/secure.gravatar.com\/avatar\/4d32888c36f3a8a3df7af14aed343affef876988da593b7618ccea3c1eb788a8?s=96&d=mm&r=g","contentUrl":"https:\/\/secure.gravatar.com\/avatar\/4d32888c36f3a8a3df7af14aed343affef876988da593b7618ccea3c1eb788a8?s=96&d=mm&r=g","caption":"Rehema Jonathan"}}]}},"_links":{"self":[{"href":"https:\/\/wingulamashahidi.org\/de\/wp-json\/wp\/v2\/posts\/55577","targetHints":{"allow":["GET"]}}],"collection":[{"href":"https:\/\/wingulamashahidi.org\/de\/wp-json\/wp\/v2\/posts"}],"about":[{"href":"https:\/\/wingulamashahidi.org\/de\/wp-json\/wp\/v2\/types\/post"}],"author":[{"embeddable":true,"href":"https:\/\/wingulamashahidi.org\/de\/wp-json\/wp\/v2\/users\/1198"}],"replies":[{"embeddable":true,"href":"https:\/\/wingulamashahidi.org\/de\/wp-json\/wp\/v2\/comments?post=55577"}],"version-history":[{"count":1,"href":"https:\/\/wingulamashahidi.org\/de\/wp-json\/wp\/v2\/posts\/55577\/revisions"}],"predecessor-version":[{"id":55580,"href":"https:\/\/wingulamashahidi.org\/de\/wp-json\/wp\/v2\/posts\/55577\/revisions\/55580"}],"wp:featuredmedia":[{"embeddable":true,"href":"https:\/\/wingulamashahidi.org\/de\/wp-json\/wp\/v2\/media\/55579"}],"wp:attachment":[{"href":"https:\/\/wingulamashahidi.org\/de\/wp-json\/wp\/v2\/media?parent=55577"}],"wp:term":[{"taxonomy":"category","embeddable":true,"href":"https:\/\/wingulamashahidi.org\/de\/wp-json\/wp\/v2\/categories?post=55577"},{"taxonomy":"post_tag","embeddable":true,"href":"https:\/\/wingulamashahidi.org\/de\/wp-json\/wp\/v2\/tags?post=55577"},{"taxonomy":"series","embeddable":true,"href":"https:\/\/wingulamashahidi.org\/de\/wp-json\/wp\/v2\/series?post=55577"}],"curies":[{"name":"wp","href":"https:\/\/api.w.org\/{rel}","templated":true}]}}