{"id":58670,"date":"2020-03-07T00:19:27","date_gmt":"2020-03-06T21:19:27","guid":{"rendered":"https:\/\/wingulamashahidi.org\/?p=58670"},"modified":"2025-10-11T00:38:02","modified_gmt":"2025-10-10T21:38:02","slug":"wird-der-islam-in-der-bibel-erwaehnt","status":"publish","type":"post","link":"https:\/\/wingulamashahidi.org\/de\/2020\/03\/07\/wird-der-islam-in-der-bibel-erwaehnt\/","title":{"rendered":"Wird der Islam in der Bibel erw\u00e4hnt?"},"content":{"rendered":"<p><span style=\"font-size: revert; color: initial;\">Manche fragen:<\/span><\/p>\n<p>\u201eWird der Islam in der Bibel erw\u00e4hnt?\u201c<br \/>\nOder: \u201eWurde Prophet Muhammad irgendwo in der Bibel vorhergesagt?\u201c<\/p>\n<p>Obwohl Jesus Christus in mehreren Religionen anerkannt wird \u2013 auch im Islam \u2013 erw\u00e4hnt die Bibel den Islam nicht als Religion und nennt Muhammad weder namentlich noch in irgendeiner prophetischen Rolle.<\/p>\n<hr \/>\n<p><strong>Spricht 5. Mose 18 \u00fcber Muhammad?<\/strong><\/p>\n<p>Muslime verweisen oft auf <strong>5. Mose 18,15\u201322<\/strong> als Prophezeiung \u00fcber Muhammad. Schauen wir uns den Text einmal genauer an:<\/p>\n<blockquote><p><strong>5. Mose 18,15\u201318 (Luther 2017)<\/strong><br \/>\n\u201eDer HERR, dein Gott, wird dir einen Propheten erwecken aus deiner Mitte, aus deinen Br\u00fcdern, wie mich; auf ihn sollt ihr h\u00f6ren\u2026 Ich will ihnen einen Propheten wie dich erwecken aus ihren Br\u00fcdern und will meine Worte in seinen Mund legen, und er soll ihnen alles sagen, was ich ihm gebieten werde.\u201c<\/p><\/blockquote>\n<p>Auf den ersten Blick mag diese Aussage allgemein wirken. Doch im Gesamtzusammenhang der Bibel wird klar: Diese Prophezeiung bezieht sich auf <strong>Jesus Christus<\/strong>, nicht auf Muhammad.<\/p>\n<p><strong>Warum:<\/strong><\/p>\n<ul>\n<li>Der Prophet muss aus den \u201eBr\u00fcdern\u201c Israels stammen, also aus den St\u00e4mmen Israels.\n<ul>\n<li>Jesus kam aus Juda, einem Stamm Israels.<\/li>\n<li>Muhammad war ein Araber aus dem Stamm der Quraisch und kein Nachkomme Israels.<\/li>\n<\/ul>\n<\/li>\n<li>Der Prophet spricht nur die Worte Gottes.\n<ul>\n<li>Jesus sagte:<\/li>\n<\/ul>\n<\/li>\n<\/ul>\n<blockquote><p><strong>Johannes 12,49<\/strong><br \/>\n\u201eDenn ich habe nicht aus mir selbst geredet, sondern der Vater, der mich gesandt hat, hat mir geboten, was ich sagen und lehren soll.\u201c<\/p><\/blockquote>\n<ul>\n<li>Der Prophet wird Zeichen tun und Prophezeiungen erf\u00fcllen.\n<ul>\n<li>Jesus erf\u00fcllte hunderte alttestamentlicher Prophezeiungen und vollbrachte unbestreitbare Wunder (Jesaja 35,5\u20136; Johannes 20,30\u201331).<\/li>\n<\/ul>\n<\/li>\n<li>Der Prophet wird wie Mose im Dienst sein \u2013 Menschen aus der Knechtschaft befreien.\n<ul>\n<li>Mose f\u00fchrte Israel aus der Sklaverei in \u00c4gypten;<\/li>\n<li>Jesus befreit die Menschheit von der S\u00fcnde.<\/li>\n<\/ul>\n<\/li>\n<\/ul>\n<blockquote><p><strong>Matth\u00e4us 1,21<\/strong><br \/>\n\u201eUnd sie wird einen Sohn geb\u00e4ren, dem sollst du den Namen JESUS geben; denn er wird sein Volk retten von ihren S\u00fcnden.\u201c<\/p><\/blockquote>\n<hr \/>\n<p><strong>Das Neue Testament best\u00e4tigt Jesus als diesen Propheten<\/strong><\/p>\n<blockquote><p><strong>Hebr\u00e4er 3,1\u20133<\/strong><br \/>\n\u201eDarum, heilige Br\u00fcder, die ihr an der himmlischen Berufung teilhabt, betrachtet Jesus, den Apostel und Hohepriester unseres Bekenntnisses, der treu war dem, der ihn eingesetzt hat, ebenso wie Mose treu war in dem ganzen Haus Gottes. Denn Jesus ist als w\u00fcrdiger angesehen worden f\u00fcr gr\u00f6\u00dfere Herrlichkeit als Mose\u2026\u201c<\/p><\/blockquote>\n<p>Jesus kam aus Israel, erf\u00fcllte Gottes Wort und brachte durch seinen Tod und seine Auferstehung den Neuen Bund (Lukas 22,20; Hebr\u00e4er 8,6\u201313).<\/p>\n<hr \/>\n<p><strong>Jesus \u2013 nicht Muhammad \u2013 ist der einzige Weg zu Gott<\/strong><\/p>\n<blockquote><p><strong>Johannes 14,6<\/strong><br \/>\n\u201eJesus spricht zu ihm: Ich bin der Weg und die Wahrheit und das Leben; niemand kommt zum Vater denn durch mich.\u201c<\/p><\/blockquote>\n<p>Jesus allein wurde gekreuzigt, starb f\u00fcr die S\u00fcnden der Menschheit und ist wieder auferstanden. Die Bibel stellt keinen anderen Propheten als gleichwertig neben Ihn.<\/p>\n<blockquote><p><strong>Apostelgeschichte 4,12<\/strong><br \/>\n\u201eUnd es ist in keinem andern Heil, denn auch kein anderer Name unter dem Himmel ist den Menschen gegeben, durch den wir sollen gerettet werden.\u201c<\/p><\/blockquote>\n<hr \/>\n<p><strong>Warnung vor falschen Lehren und geistlicher T\u00e4uschung<\/strong><\/p>\n<p>Satans Ziel ist es, Menschen mit falschen Lehren und Halbwahrheiten von Christus wegzuf\u00fchren. Die Bibel warnt:<\/p>\n<blockquote><p><strong>Kolosser 2,8\u201310<\/strong><br \/>\n\u201eSeht zu, dass euch niemand gefangen nehme durch Philosophie und leeren Betrug nach der \u00dcberlieferung der Menschen und nach den Grunds\u00e4tzen der Welt und nicht nach Christus. Denn in ihm wohnt die ganze F\u00fclle der Gottheit leibhaftig; und ihr seid in ihm erf\u00fcllt.\u201c<\/p><\/blockquote>\n<p>Lehren oder Religionen, die die G\u00f6ttlichkeit Jesu leugnen oder Menschen von Ihm abbringen, sind geistlich get\u00e4uscht.<\/p>\n<blockquote><p><strong>1. Johannes 2,22\u201323<\/strong><br \/>\n\u201eWer ist der L\u00fcgner, wenn nicht der, der leugnet, dass Jesus der Christus ist? Das ist der Antichrist, der den Vater und den Sohn leugnet.\u201c<\/p><\/blockquote>\n<hr \/>\n<p><strong>Sind alle Muslime b\u00f6se Menschen?<\/strong><\/p>\n<p>Nein, auf keinen Fall.<br \/>\nGenauso wenig wie alle Christen nach Christus leben, sind alle Muslime b\u00f6se. Viele Muslime suchen ernsthaft nach der Wahrheit, haben aber das volle Evangelium noch nicht geh\u00f6rt oder verstanden.<\/p>\n<p>Gott will, dass alle Menschen gerettet werden:<\/p>\n<blockquote><p><strong>1. Timotheus 2,3\u20134<\/strong><br \/>\n\u201eDenn das ist gut und angenehm vor Gott, unserem Heiland, der will, dass alle Menschen gerettet werden und zur Erkenntnis der Wahrheit kommen.\u201c<\/p><\/blockquote>\n<p>Unsere Pflicht als Christen ist es nicht, andere zu verurteilen, zu verspotten oder zu verfluchen \u2013 sondern sie zu lieben und die Wahrheit \u00fcber Jesus Christus mit Demut und Gnade weiterzugeben.<\/p>\n<blockquote><p><strong>Matth\u00e4us 5,44<\/strong><br \/>\n\u201eIch aber sage euch: Liebt eure Feinde und betet f\u00fcr die, die euch verfolgen; tut wohl denen, die euch hassen\u2026\u201c<\/p><\/blockquote>\n<hr \/>\n<p><strong>Letzte Ermutigung<\/strong><\/p>\n<p>Lasst uns wachsam sein und fest in der Wahrheit der Schrift stehen. Jesus Christus ist nicht nur ein Prophet \u2013 er ist der Sohn Gottes, Retter der Welt und der einzige Weg zum ewigen Leben.<\/p>\n<blockquote><p><strong>Johannes 17,3<\/strong><br \/>\n\u201eDas ist aber das ewige Leben, dass sie dich, den einzigen wahren Gott, erkennen, und den du gesandt hast, Jesus Christus.\u201c<\/p><\/blockquote>\n<p>Wenn du Jesus kennst, lebe in dieser Wahrheit. Wenn du Ihn noch nicht pers\u00f6nlich kennst, suche Ihn von ganzem Herzen \u2013 Er wird sich dir offenbaren.<\/p>\n<blockquote><p><strong>Jeremia 29,13<\/strong><br \/>\n\u201eIhr werdet mich suchen und finden, wenn ihr von ganzem Herzen nach mir fragt.\u201c<\/p><\/blockquote>\n<p>M\u00f6ge der Herr dich segnen und dir Weisheit, Gnade und Mut schenken, in Liebe f\u00fcr die Wahrheit einzustehen.<\/p>\n<div class='share-to-whatsapp-wrapper'><div class='share-on-whsp'>Share on: <\/div><a data-text='Wird der Islam in der Bibel erw\u00e4hnt?' data-link='https:\/\/wingulamashahidi.org\/de\/2020\/03\/07\/wird-der-islam-in-der-bibel-erwaehnt\/' class='whatsapp-button whatsapp-share'>WhatsApp<\/a><div class='clear '><\/div><\/div><p class=\"wpf_wrapper\"><a class=\"print_link\" href=\"\">Print this post<\/a><\/p><!-- .wpf_wrapper -->","protected":false},"excerpt":{"rendered":"<p>Manche fragen: \u201eWird der Islam in der Bibel erw\u00e4hnt?\u201c Oder: \u201eWurde Prophet Muhammad irgendwo in der Bibel vorhergesagt?\u201c Obwohl Jesus Christus in <\/p>\n","protected":false},"author":1225,"featured_media":58671,"comment_status":"open","ping_status":"closed","sticky":false,"template":"","format":"standard","meta":{"_exactmetrics_skip_tracking":false,"_exactmetrics_sitenote_active":false,"_exactmetrics_sitenote_note":"","_exactmetrics_sitenote_category":0,"episode_type":"audio","audio_file":"","podmotor_file_id":"","podmotor_episode_id":"","cover_image":"","cover_image_id":"","duration":"","filesize":"","filesize_raw":"","date_recorded":"","explicit":"","block":"","footnotes":""},"categories":[16908],"tags":[],"series":[],"class_list":["post-58670","post","type-post","status-publish","format-standard","has-post-thumbnail","hentry","category-nicht-kategorisiert"],"episode_featured_image":"https:\/\/wingulamashahidi.org\/wp-content\/uploads\/2020\/03\/images.jpg","episode_player_image":"https:\/\/wingulamashahidi.org\/wp-content\/plugins\/seriously-simple-podcasting\/assets\/images\/no-album-art.png","download_link":"","player_link":"","audio_player":false,"episode_data":{"playerMode":"dark","subscribeUrls":{"apple_podcasts":{"key":"apple_podcasts","url":"","label":"Apple Podcasts","class":"apple_podcasts","icon":"apple-podcasts.png"},"stitcher":{"key":"stitcher","url":"","label":"Stitcher","class":"stitcher","icon":"stitcher.png"},"google_podcasts":{"key":"google_podcasts","url":"","label":"Google Podcasts","class":"google_podcasts","icon":"google-podcasts.png"},"spotify":{"key":"spotify","url":"","label":"Spotify","class":"spotify","icon":"spotify.png"}},"rssFeedUrl":"https:\/\/wingulamashahidi.org\/de\/feed\/podcast\/wingu-la-mashahidi","embedCode":"<blockquote class=\"wp-embedded-content\" data-secret=\"nnTUl9ddsK\"><a href=\"https:\/\/wingulamashahidi.org\/de\/2020\/03\/07\/wird-der-islam-in-der-bibel-erwaehnt\/\">Wird der Islam in der Bibel erw\u00e4hnt?<\/a><\/blockquote><iframe sandbox=\"allow-scripts\" security=\"restricted\" src=\"https:\/\/wingulamashahidi.org\/de\/2020\/03\/07\/wird-der-islam-in-der-bibel-erwaehnt\/embed\/#?secret=nnTUl9ddsK\" width=\"500\" height=\"350\" title=\"&#8222;Wird der Islam in der Bibel erw\u00e4hnt?&#8220; &#8211; Wingu la Mashahidi\" data-secret=\"nnTUl9ddsK\" frameborder=\"0\" marginwidth=\"0\" marginheight=\"0\" scrolling=\"no\" class=\"wp-embedded-content\"><\/iframe><script type=\"text\/javascript\">\n\/* <![CDATA[ *\/\n\/*! This file is auto-generated *\/\n!function(d,l){\"use strict\";l.querySelector&&d.addEventListener&&\"undefined\"!=typeof URL&&(d.wp=d.wp||{},d.wp.receiveEmbedMessage||(d.wp.receiveEmbedMessage=function(e){var t=e.data;if((t||t.secret||t.message||t.value)&&!\/[^a-zA-Z0-9]\/.test(t.secret)){for(var s,r,n,a=l.querySelectorAll('iframe[data-secret=\"'+t.secret+'\"]'),o=l.querySelectorAll('blockquote[data-secret=\"'+t.secret+'\"]'),c=new RegExp(\"^https?:$\",\"i\"),i=0;i<o.length;i++)o[i].style.display=\"none\";for(i=0;i<a.length;i++)s=a[i],e.source===s.contentWindow&&(s.removeAttribute(\"style\"),\"height\"===t.message?(1e3<(r=parseInt(t.value,10))?r=1e3:~~r<200&&(r=200),s.height=r):\"link\"===t.message&&(r=new URL(s.getAttribute(\"src\")),n=new URL(t.value),c.test(n.protocol))&&n.host===r.host&&l.activeElement===s&&(d.top.location.href=t.value))}},d.addEventListener(\"message\",d.wp.receiveEmbedMessage,!1),l.addEventListener(\"DOMContentLoaded\",function(){for(var e,t,s=l.querySelectorAll(\"iframe.wp-embedded-content\"),r=0;r<s.length;r++)(t=(e=s[r]).getAttribute(\"data-secret\"))||(t=Math.random().toString(36).substring(2,12),e.src+=\"#?secret=\"+t,e.setAttribute(\"data-secret\",t)),e.contentWindow.postMessage({message:\"ready\",secret:t},\"*\")},!1)))}(window,document);\n\/\/# sourceURL=https:\/\/wingulamashahidi.org\/wp-includes\/js\/wp-embed.min.js\n\/* ]]> *\/\n<\/script>\n"},"yoast_head":"<!-- This site is optimized with the Yoast SEO plugin v27.5 - https:\/\/yoast.com\/product\/yoast-seo-wordpress\/ -->\n<title>Wird der Islam in der Bibel erw\u00e4hnt? &#8211; Site title<\/title>\n<meta name=\"robots\" content=\"index, follow, max-snippet:-1, max-image-preview:large, max-video-preview:-1\" \/>\n<link rel=\"canonical\" href=\"https:\/\/wingulamashahidi.org\/de\/2020\/03\/07\/wird-der-islam-in-der-bibel-erwaehnt\/\" \/>\n<meta property=\"og:locale\" content=\"de_DE\" \/>\n<meta property=\"og:type\" content=\"article\" \/>\n<meta property=\"og:title\" content=\"Wird der Islam in der Bibel erw\u00e4hnt? &#8211; Site title\" \/>\n<meta property=\"og:description\" content=\"Manche fragen: \u201eWird der Islam in der Bibel erw\u00e4hnt?\u201c Oder: \u201eWurde Prophet Muhammad irgendwo in der Bibel vorhergesagt?\u201c Obwohl Jesus Christus in\" \/>\n<meta property=\"og:url\" content=\"https:\/\/wingulamashahidi.org\/de\/2020\/03\/07\/wird-der-islam-in-der-bibel-erwaehnt\/\" \/>\n<meta property=\"og:site_name\" content=\"Wingu la Mashahidi\" \/>\n<meta property=\"article:publisher\" content=\"https:\/\/web.facebook.com\/Wingu-La-Mashahidi-215927442275090\/\" \/>\n<meta property=\"article:published_time\" content=\"2020-03-06T21:19:27+00:00\" \/>\n<meta property=\"article:modified_time\" content=\"2025-10-10T21:38:02+00:00\" \/>\n<meta property=\"og:image\" content=\"https:\/\/wingulamashahidi.org\/wp-content\/uploads\/2020\/03\/images.jpg\" \/>\n\t<meta property=\"og:image:width\" content=\"270\" \/>\n\t<meta property=\"og:image:height\" content=\"187\" \/>\n\t<meta property=\"og:image:type\" content=\"image\/jpeg\" \/>\n<meta name=\"author\" content=\"Ester yusufu\" \/>\n<meta name=\"twitter:card\" content=\"summary_large_image\" \/>\n<meta name=\"twitter:creator\" content=\"@wingukuu07\" \/>\n<meta name=\"twitter:site\" content=\"@wingukuu07\" \/>\n<meta name=\"twitter:label1\" content=\"Verfasst von\" \/>\n\t<meta name=\"twitter:data1\" content=\"Ester yusufu\" \/>\n\t<meta name=\"twitter:label2\" content=\"Gesch\u00e4tzte Lesezeit\" \/>\n\t<meta name=\"twitter:data2\" content=\"3\u00a0Minuten\" \/>\n<script type=\"application\/ld+json\" class=\"yoast-schema-graph\">{\"@context\":\"https:\\\/\\\/schema.org\",\"@graph\":[{\"@type\":\"Article\",\"@id\":\"https:\\\/\\\/wingulamashahidi.org\\\/de\\\/2020\\\/03\\\/07\\\/wird-der-islam-in-der-bibel-erwaehnt\\\/#article\",\"isPartOf\":{\"@id\":\"https:\\\/\\\/wingulamashahidi.org\\\/de\\\/2020\\\/03\\\/07\\\/wird-der-islam-in-der-bibel-erwaehnt\\\/\"},\"author\":{\"name\":\"Ester yusufu\",\"@id\":\"https:\\\/\\\/wingulamashahidi.org\\\/de\\\/#\\\/schema\\\/person\\\/3c66aac4513a3acf8baccbe2df261e7c\"},\"headline\":\"Wird der Islam in der Bibel erw\u00e4hnt?\",\"datePublished\":\"2020-03-06T21:19:27+00:00\",\"dateModified\":\"2025-10-10T21:38:02+00:00\",\"mainEntityOfPage\":{\"@id\":\"https:\\\/\\\/wingulamashahidi.org\\\/de\\\/2020\\\/03\\\/07\\\/wird-der-islam-in-der-bibel-erwaehnt\\\/\"},\"wordCount\":837,\"commentCount\":0,\"publisher\":{\"@id\":\"https:\\\/\\\/wingulamashahidi.org\\\/de\\\/#organization\"},\"image\":{\"@id\":\"https:\\\/\\\/wingulamashahidi.org\\\/de\\\/2020\\\/03\\\/07\\\/wird-der-islam-in-der-bibel-erwaehnt\\\/#primaryimage\"},\"thumbnailUrl\":\"https:\\\/\\\/wingulamashahidi.org\\\/wp-content\\\/uploads\\\/2020\\\/03\\\/images.jpg\",\"articleSection\":[\"Nicht kategorisiert\"],\"inLanguage\":\"de\",\"potentialAction\":[{\"@type\":\"CommentAction\",\"name\":\"Comment\",\"target\":[\"https:\\\/\\\/wingulamashahidi.org\\\/de\\\/2020\\\/03\\\/07\\\/wird-der-islam-in-der-bibel-erwaehnt\\\/#respond\"]}]},{\"@type\":\"WebPage\",\"@id\":\"https:\\\/\\\/wingulamashahidi.org\\\/de\\\/2020\\\/03\\\/07\\\/wird-der-islam-in-der-bibel-erwaehnt\\\/\",\"url\":\"https:\\\/\\\/wingulamashahidi.org\\\/de\\\/2020\\\/03\\\/07\\\/wird-der-islam-in-der-bibel-erwaehnt\\\/\",\"name\":\"Wird der Islam in der Bibel erw\u00e4hnt? &#8211; Site title\",\"isPartOf\":{\"@id\":\"https:\\\/\\\/wingulamashahidi.org\\\/de\\\/#website\"},\"primaryImageOfPage\":{\"@id\":\"https:\\\/\\\/wingulamashahidi.org\\\/de\\\/2020\\\/03\\\/07\\\/wird-der-islam-in-der-bibel-erwaehnt\\\/#primaryimage\"},\"image\":{\"@id\":\"https:\\\/\\\/wingulamashahidi.org\\\/de\\\/2020\\\/03\\\/07\\\/wird-der-islam-in-der-bibel-erwaehnt\\\/#primaryimage\"},\"thumbnailUrl\":\"https:\\\/\\\/wingulamashahidi.org\\\/wp-content\\\/uploads\\\/2020\\\/03\\\/images.jpg\",\"datePublished\":\"2020-03-06T21:19:27+00:00\",\"dateModified\":\"2025-10-10T21:38:02+00:00\",\"breadcrumb\":{\"@id\":\"https:\\\/\\\/wingulamashahidi.org\\\/de\\\/2020\\\/03\\\/07\\\/wird-der-islam-in-der-bibel-erwaehnt\\\/#breadcrumb\"},\"inLanguage\":\"de\",\"potentialAction\":[{\"@type\":\"ReadAction\",\"target\":[\"https:\\\/\\\/wingulamashahidi.org\\\/de\\\/2020\\\/03\\\/07\\\/wird-der-islam-in-der-bibel-erwaehnt\\\/\"]}]},{\"@type\":\"ImageObject\",\"inLanguage\":\"de\",\"@id\":\"https:\\\/\\\/wingulamashahidi.org\\\/de\\\/2020\\\/03\\\/07\\\/wird-der-islam-in-der-bibel-erwaehnt\\\/#primaryimage\",\"url\":\"https:\\\/\\\/wingulamashahidi.org\\\/wp-content\\\/uploads\\\/2020\\\/03\\\/images.jpg\",\"contentUrl\":\"https:\\\/\\\/wingulamashahidi.org\\\/wp-content\\\/uploads\\\/2020\\\/03\\\/images.jpg\",\"width\":270,\"height\":187},{\"@type\":\"BreadcrumbList\",\"@id\":\"https:\\\/\\\/wingulamashahidi.org\\\/de\\\/2020\\\/03\\\/07\\\/wird-der-islam-in-der-bibel-erwaehnt\\\/#breadcrumb\",\"itemListElement\":[{\"@type\":\"ListItem\",\"position\":1,\"name\":\"Home\",\"item\":\"https:\\\/\\\/wingulamashahidi.org\\\/de\\\/\"},{\"@type\":\"ListItem\",\"position\":2,\"name\":\"Wird der Islam in der Bibel erw\u00e4hnt?\"}]},{\"@type\":\"WebSite\",\"@id\":\"https:\\\/\\\/wingulamashahidi.org\\\/de\\\/#website\",\"url\":\"https:\\\/\\\/wingulamashahidi.org\\\/de\\\/\",\"name\":\"Wingu la Mashahidi\",\"description\":\"\",\"publisher\":{\"@id\":\"https:\\\/\\\/wingulamashahidi.org\\\/de\\\/#organization\"},\"potentialAction\":[{\"@type\":\"SearchAction\",\"target\":{\"@type\":\"EntryPoint\",\"urlTemplate\":\"https:\\\/\\\/wingulamashahidi.org\\\/de\\\/?s={search_term_string}\"},\"query-input\":{\"@type\":\"PropertyValueSpecification\",\"valueRequired\":true,\"valueName\":\"search_term_string\"}}],\"inLanguage\":\"de\"},{\"@type\":\"Organization\",\"@id\":\"https:\\\/\\\/wingulamashahidi.org\\\/de\\\/#organization\",\"name\":\"Die Wolke der Zeugen\",\"url\":\"https:\\\/\\\/wingulamashahidi.org\\\/de\\\/\",\"logo\":{\"@type\":\"ImageObject\",\"inLanguage\":\"de\",\"@id\":\"https:\\\/\\\/wingulamashahidi.org\\\/de\\\/#\\\/schema\\\/logo\\\/image\\\/\",\"url\":\"https:\\\/\\\/wingulamashahidi.org\\\/wp-content\\\/uploads\\\/2018\\\/08\\\/15420967_113066522521748_8712116330127403860_n.jpg\",\"contentUrl\":\"https:\\\/\\\/wingulamashahidi.org\\\/wp-content\\\/uploads\\\/2018\\\/08\\\/15420967_113066522521748_8712116330127403860_n.jpg\",\"width\":308,\"height\":308,\"caption\":\"Die Wolke der Zeugen\"},\"image\":{\"@id\":\"https:\\\/\\\/wingulamashahidi.org\\\/de\\\/#\\\/schema\\\/logo\\\/image\\\/\"},\"sameAs\":[\"https:\\\/\\\/web.facebook.com\\\/Wingu-La-Mashahidi-215927442275090\\\/\",\"https:\\\/\\\/x.com\\\/wingukuu07\"]},{\"@type\":\"Person\",\"@id\":\"https:\\\/\\\/wingulamashahidi.org\\\/de\\\/#\\\/schema\\\/person\\\/3c66aac4513a3acf8baccbe2df261e7c\",\"name\":\"Ester yusufu\",\"image\":{\"@type\":\"ImageObject\",\"inLanguage\":\"de\",\"@id\":\"https:\\\/\\\/secure.gravatar.com\\\/avatar\\\/2e43e92a5f55a0d23df43ff0985d554480d4ec6a2d80914f6a43620d1046acd5?s=96&d=mm&r=g\",\"url\":\"https:\\\/\\\/secure.gravatar.com\\\/avatar\\\/2e43e92a5f55a0d23df43ff0985d554480d4ec6a2d80914f6a43620d1046acd5?s=96&d=mm&r=g\",\"contentUrl\":\"https:\\\/\\\/secure.gravatar.com\\\/avatar\\\/2e43e92a5f55a0d23df43ff0985d554480d4ec6a2d80914f6a43620d1046acd5?s=96&d=mm&r=g\",\"caption\":\"Ester yusufu\"}}]}<\/script>\n<!-- \/ Yoast SEO plugin. -->","yoast_head_json":{"title":"Wird der Islam in der Bibel erw\u00e4hnt? &#8211; Site title","robots":{"index":"index","follow":"follow","max-snippet":"max-snippet:-1","max-image-preview":"max-image-preview:large","max-video-preview":"max-video-preview:-1"},"canonical":"https:\/\/wingulamashahidi.org\/de\/2020\/03\/07\/wird-der-islam-in-der-bibel-erwaehnt\/","og_locale":"de_DE","og_type":"article","og_title":"Wird der Islam in der Bibel erw\u00e4hnt? &#8211; Site title","og_description":"Manche fragen: \u201eWird der Islam in der Bibel erw\u00e4hnt?\u201c Oder: \u201eWurde Prophet Muhammad irgendwo in der Bibel vorhergesagt?\u201c Obwohl Jesus Christus in","og_url":"https:\/\/wingulamashahidi.org\/de\/2020\/03\/07\/wird-der-islam-in-der-bibel-erwaehnt\/","og_site_name":"Wingu la Mashahidi","article_publisher":"https:\/\/web.facebook.com\/Wingu-La-Mashahidi-215927442275090\/","article_published_time":"2020-03-06T21:19:27+00:00","article_modified_time":"2025-10-10T21:38:02+00:00","og_image":[{"width":270,"height":187,"url":"https:\/\/wingulamashahidi.org\/wp-content\/uploads\/2020\/03\/images.jpg","type":"image\/jpeg"}],"author":"Ester yusufu","twitter_card":"summary_large_image","twitter_creator":"@wingukuu07","twitter_site":"@wingukuu07","twitter_misc":{"Verfasst von":"Ester yusufu","Gesch\u00e4tzte Lesezeit":"3\u00a0Minuten"},"schema":{"@context":"https:\/\/schema.org","@graph":[{"@type":"Article","@id":"https:\/\/wingulamashahidi.org\/de\/2020\/03\/07\/wird-der-islam-in-der-bibel-erwaehnt\/#article","isPartOf":{"@id":"https:\/\/wingulamashahidi.org\/de\/2020\/03\/07\/wird-der-islam-in-der-bibel-erwaehnt\/"},"author":{"name":"Ester yusufu","@id":"https:\/\/wingulamashahidi.org\/de\/#\/schema\/person\/3c66aac4513a3acf8baccbe2df261e7c"},"headline":"Wird der Islam in der Bibel erw\u00e4hnt?","datePublished":"2020-03-06T21:19:27+00:00","dateModified":"2025-10-10T21:38:02+00:00","mainEntityOfPage":{"@id":"https:\/\/wingulamashahidi.org\/de\/2020\/03\/07\/wird-der-islam-in-der-bibel-erwaehnt\/"},"wordCount":837,"commentCount":0,"publisher":{"@id":"https:\/\/wingulamashahidi.org\/de\/#organization"},"image":{"@id":"https:\/\/wingulamashahidi.org\/de\/2020\/03\/07\/wird-der-islam-in-der-bibel-erwaehnt\/#primaryimage"},"thumbnailUrl":"https:\/\/wingulamashahidi.org\/wp-content\/uploads\/2020\/03\/images.jpg","articleSection":["Nicht kategorisiert"],"inLanguage":"de","potentialAction":[{"@type":"CommentAction","name":"Comment","target":["https:\/\/wingulamashahidi.org\/de\/2020\/03\/07\/wird-der-islam-in-der-bibel-erwaehnt\/#respond"]}]},{"@type":"WebPage","@id":"https:\/\/wingulamashahidi.org\/de\/2020\/03\/07\/wird-der-islam-in-der-bibel-erwaehnt\/","url":"https:\/\/wingulamashahidi.org\/de\/2020\/03\/07\/wird-der-islam-in-der-bibel-erwaehnt\/","name":"Wird der Islam in der Bibel erw\u00e4hnt? &#8211; Site title","isPartOf":{"@id":"https:\/\/wingulamashahidi.org\/de\/#website"},"primaryImageOfPage":{"@id":"https:\/\/wingulamashahidi.org\/de\/2020\/03\/07\/wird-der-islam-in-der-bibel-erwaehnt\/#primaryimage"},"image":{"@id":"https:\/\/wingulamashahidi.org\/de\/2020\/03\/07\/wird-der-islam-in-der-bibel-erwaehnt\/#primaryimage"},"thumbnailUrl":"https:\/\/wingulamashahidi.org\/wp-content\/uploads\/2020\/03\/images.jpg","datePublished":"2020-03-06T21:19:27+00:00","dateModified":"2025-10-10T21:38:02+00:00","breadcrumb":{"@id":"https:\/\/wingulamashahidi.org\/de\/2020\/03\/07\/wird-der-islam-in-der-bibel-erwaehnt\/#breadcrumb"},"inLanguage":"de","potentialAction":[{"@type":"ReadAction","target":["https:\/\/wingulamashahidi.org\/de\/2020\/03\/07\/wird-der-islam-in-der-bibel-erwaehnt\/"]}]},{"@type":"ImageObject","inLanguage":"de","@id":"https:\/\/wingulamashahidi.org\/de\/2020\/03\/07\/wird-der-islam-in-der-bibel-erwaehnt\/#primaryimage","url":"https:\/\/wingulamashahidi.org\/wp-content\/uploads\/2020\/03\/images.jpg","contentUrl":"https:\/\/wingulamashahidi.org\/wp-content\/uploads\/2020\/03\/images.jpg","width":270,"height":187},{"@type":"BreadcrumbList","@id":"https:\/\/wingulamashahidi.org\/de\/2020\/03\/07\/wird-der-islam-in-der-bibel-erwaehnt\/#breadcrumb","itemListElement":[{"@type":"ListItem","position":1,"name":"Home","item":"https:\/\/wingulamashahidi.org\/de\/"},{"@type":"ListItem","position":2,"name":"Wird der Islam in der Bibel erw\u00e4hnt?"}]},{"@type":"WebSite","@id":"https:\/\/wingulamashahidi.org\/de\/#website","url":"https:\/\/wingulamashahidi.org\/de\/","name":"Wingu la Mashahidi","description":"","publisher":{"@id":"https:\/\/wingulamashahidi.org\/de\/#organization"},"potentialAction":[{"@type":"SearchAction","target":{"@type":"EntryPoint","urlTemplate":"https:\/\/wingulamashahidi.org\/de\/?s={search_term_string}"},"query-input":{"@type":"PropertyValueSpecification","valueRequired":true,"valueName":"search_term_string"}}],"inLanguage":"de"},{"@type":"Organization","@id":"https:\/\/wingulamashahidi.org\/de\/#organization","name":"Die Wolke der Zeugen","url":"https:\/\/wingulamashahidi.org\/de\/","logo":{"@type":"ImageObject","inLanguage":"de","@id":"https:\/\/wingulamashahidi.org\/de\/#\/schema\/logo\/image\/","url":"https:\/\/wingulamashahidi.org\/wp-content\/uploads\/2018\/08\/15420967_113066522521748_8712116330127403860_n.jpg","contentUrl":"https:\/\/wingulamashahidi.org\/wp-content\/uploads\/2018\/08\/15420967_113066522521748_8712116330127403860_n.jpg","width":308,"height":308,"caption":"Die Wolke der Zeugen"},"image":{"@id":"https:\/\/wingulamashahidi.org\/de\/#\/schema\/logo\/image\/"},"sameAs":["https:\/\/web.facebook.com\/Wingu-La-Mashahidi-215927442275090\/","https:\/\/x.com\/wingukuu07"]},{"@type":"Person","@id":"https:\/\/wingulamashahidi.org\/de\/#\/schema\/person\/3c66aac4513a3acf8baccbe2df261e7c","name":"Ester yusufu","image":{"@type":"ImageObject","inLanguage":"de","@id":"https:\/\/secure.gravatar.com\/avatar\/2e43e92a5f55a0d23df43ff0985d554480d4ec6a2d80914f6a43620d1046acd5?s=96&d=mm&r=g","url":"https:\/\/secure.gravatar.com\/avatar\/2e43e92a5f55a0d23df43ff0985d554480d4ec6a2d80914f6a43620d1046acd5?s=96&d=mm&r=g","contentUrl":"https:\/\/secure.gravatar.com\/avatar\/2e43e92a5f55a0d23df43ff0985d554480d4ec6a2d80914f6a43620d1046acd5?s=96&d=mm&r=g","caption":"Ester yusufu"}}]}},"_links":{"self":[{"href":"https:\/\/wingulamashahidi.org\/de\/wp-json\/wp\/v2\/posts\/58670","targetHints":{"allow":["GET"]}}],"collection":[{"href":"https:\/\/wingulamashahidi.org\/de\/wp-json\/wp\/v2\/posts"}],"about":[{"href":"https:\/\/wingulamashahidi.org\/de\/wp-json\/wp\/v2\/types\/post"}],"author":[{"embeddable":true,"href":"https:\/\/wingulamashahidi.org\/de\/wp-json\/wp\/v2\/users\/1225"}],"replies":[{"embeddable":true,"href":"https:\/\/wingulamashahidi.org\/de\/wp-json\/wp\/v2\/comments?post=58670"}],"version-history":[{"count":1,"href":"https:\/\/wingulamashahidi.org\/de\/wp-json\/wp\/v2\/posts\/58670\/revisions"}],"predecessor-version":[{"id":58672,"href":"https:\/\/wingulamashahidi.org\/de\/wp-json\/wp\/v2\/posts\/58670\/revisions\/58672"}],"wp:featuredmedia":[{"embeddable":true,"href":"https:\/\/wingulamashahidi.org\/de\/wp-json\/wp\/v2\/media\/58671"}],"wp:attachment":[{"href":"https:\/\/wingulamashahidi.org\/de\/wp-json\/wp\/v2\/media?parent=58670"}],"wp:term":[{"taxonomy":"category","embeddable":true,"href":"https:\/\/wingulamashahidi.org\/de\/wp-json\/wp\/v2\/categories?post=58670"},{"taxonomy":"post_tag","embeddable":true,"href":"https:\/\/wingulamashahidi.org\/de\/wp-json\/wp\/v2\/tags?post=58670"},{"taxonomy":"series","embeddable":true,"href":"https:\/\/wingulamashahidi.org\/de\/wp-json\/wp\/v2\/series?post=58670"}],"curies":[{"name":"wp","href":"https:\/\/api.w.org\/{rel}","templated":true}]}}