{"id":66375,"date":"2022-06-25T16:47:23","date_gmt":"2022-06-25T13:47:23","guid":{"rendered":"https:\/\/wingulamashahidi.org\/?p=66375"},"modified":"2026-01-12T18:36:12","modified_gmt":"2026-01-12T15:36:12","slug":"war-es-wirklich-die-gewohnheit-des-herrn-den-sabbat-zu-halten-lukas-416","status":"publish","type":"post","link":"https:\/\/wingulamashahidi.org\/de\/2022\/06\/25\/war-es-wirklich-die-gewohnheit-des-herrn-den-sabbat-zu-halten-lukas-416\/","title":{"rendered":"War es wirklich die Gewohnheit des Herrn, den Sabbat zu halten? (Lukas 4,16)"},"content":{"rendered":"<p><span style=\"font-size: revert; color: initial;\">Die Bibel berichtet, dass Jesus regelm\u00e4\u00dfig am Sabbattag in die Synagoge ging. Bedeutet das aber, dass auch wir den Sabbat genauso einhalten m\u00fcssen?<\/span><\/p>\n<blockquote><p><strong>Lukas 4,16<\/strong><br \/>\n\u201eUnd er kam nach Nazareth, wo er erzogen worden war, und ging nach der Gewohnheit am Sabbattag in die Synagoge und stand auf, um vorzulesen.\u201c<\/p><\/blockquote>\n<p>Auf den ersten Blick k\u00f6nnte es so wirken, als habe Jesus den Sabbat genauso gehalten wie die Juden unter dem Gesetz Moses. Doch dahinter steckt eine tiefere theologische Bedeutung.<\/p>\n<p><strong>Jesus wird als Herr des Sabbats bezeichnet:<\/strong><\/p>\n<blockquote><p><strong>Lukas 6,5<\/strong><br \/>\n\u201eUnd er sprach zu ihnen: Der Menschensohn ist Herr auch \u00fcber den Sabbat.\u201c<\/p><\/blockquote>\n<p>Das zeigt: Jesus hat Autorit\u00e4t \u00fcber den Sabbat \u2013 er ist kein Gesetz, das ihn bindet, wie den Rest der Menschheit. Der Sabbat wurde urspr\u00fcnglich als Tag der Ruhe und der Anbetung gegeben (<strong>2. Mose 20,8\u201311<\/strong>). Jesus aber, als Sch\u00f6pfer und Herr (<strong>Johannes 1,3<\/strong>), erf\u00fcllt den wahren Sinn des Sabbats.<\/p>\n<p><strong>Warum besuchte Jesus dann die Synagoge am Sabbat?<\/strong><\/p>\n<p>Der Sabbat war der Tag, an dem die meisten Juden in die Synagoge gingen, um die Schrift zu h\u00f6ren (<strong>Nehemia 13,19\u201322<\/strong>). An anderen Tagen arbeiteten sie. Jesus ging einfach dorthin, wo die Menschen sich versammelten. W\u00e4ren sie an einem anderen Tag zusammengekommen, h\u00e4tte er auch an diesem Tag die Schrift gelehrt. Es ging um praktische M\u00f6glichkeiten, die Menschen zu erreichen \u2013 nicht um eine religi\u00f6se Pflicht.<\/p>\n<p>\u00c4hnlich ist es heute bei evangelistischen Aktionen: Man w\u00e4hlt Samstag oder Sonntag, weil dann die meisten Menschen zu Hause sind \u2013 nicht weil diese Tage heilig sind.<\/p>\n<p>Jesus selbst sagte:<\/p>\n<blockquote><p><strong>Markus 2,27<\/strong><br \/>\n\u201eDer Sabbat ist um des Menschen willen gemacht und nicht der Mensch um des Sabbats willen.\u201c<\/p><\/blockquote>\n<p>Der Sabbat dient also dem Wohl der Menschen, nicht einer strengen, gesetzlich vorgeschriebenen Beobachtung.<\/p>\n<p>Auch die Apostel predigten am Sabbat in den Synagogen (<strong>Apostelgeschichte 13,14.42\u201344<\/strong>), nicht weil sie an den Sabbat gebunden waren, sondern weil dies der Tag war, an dem die Menschen zusammenkamen, um Gottes Wort zu h\u00f6ren.<\/p>\n<p><strong>Was bedeutet das f\u00fcr Christen heute?<\/strong><\/p>\n<p>Das Neue Testament macht deutlich: Christen stehen nicht mehr unter den alten zeremoniellen Gesetzen, einschlie\u00dflich der Sabbatpflicht:<\/p>\n<blockquote><p><strong>Kolosser 2,16\u201317<\/strong><br \/>\n\u201eSo lasst euch nun niemand wegen Speise oder Trank richten oder wegen eines Festes oder Neumonds oder Sabbattages. Das alles ist nur ein Schatten dessen, was kommen sollte; die Wirklichkeit aber ist in Christus.\u201c<\/p><\/blockquote>\n<p>Statt \u00e4u\u00dferlicher Vorschriften betreten Christen durch den Glauben an Jesus Christus eine geistliche Ruhe:<\/p>\n<blockquote><p><strong>Hebr\u00e4er 4,9\u201310<\/strong><br \/>\n\u201eEs bleibt also eine Sabbatruhe dem Volk Gottes. Denn wer in seine Ruhe eingeht, der ruht auch von seinen Werken, so wie Gott von seinen eigenen ruhte.\u201c<\/p><\/blockquote>\n<p>Wahre Sabbatrust bedeutet Frieden mit Gott und Freiheit von der Last gesetzlicher Vorschriften durch Christus.<\/p>\n<p><strong>Jesus kommt.<\/strong><\/p>\n<div class='share-to-whatsapp-wrapper'><div class='share-on-whsp'>Share on: <\/div><a data-text='War es wirklich die Gewohnheit des Herrn, den Sabbat zu halten? (Lukas 4,16)' data-link='https:\/\/wingulamashahidi.org\/de\/2022\/06\/25\/war-es-wirklich-die-gewohnheit-des-herrn-den-sabbat-zu-halten-lukas-416\/' class='whatsapp-button whatsapp-share'>WhatsApp<\/a><div class='clear '><\/div><\/div><p class=\"wpf_wrapper\"><a class=\"print_link\" href=\"\">Print this post<\/a><\/p><!-- .wpf_wrapper -->","protected":false},"excerpt":{"rendered":"<p>Die Bibel berichtet, dass Jesus regelm\u00e4\u00dfig am Sabbattag in die Synagoge ging. Bedeutet das aber, dass auch wir den Sabbat genauso einhalten m\u00fcssen? Luka<\/p>\n","protected":false},"author":1225,"featured_media":66376,"comment_status":"open","ping_status":"closed","sticky":false,"template":"","format":"standard","meta":{"_exactmetrics_skip_tracking":false,"_exactmetrics_sitenote_active":false,"_exactmetrics_sitenote_note":"","_exactmetrics_sitenote_category":0,"episode_type":"audio","audio_file":"","podmotor_file_id":"","podmotor_episode_id":"","cover_image":"","cover_image_id":"","duration":"","filesize":"","filesize_raw":"","date_recorded":"","explicit":"","block":"","footnotes":""},"categories":[16908],"tags":[],"series":[],"class_list":["post-66375","post","type-post","status-publish","format-standard","has-post-thumbnail","hentry","category-nicht-kategorisiert"],"episode_featured_image":"https:\/\/wingulamashahidi.org\/wp-content\/uploads\/2022\/06\/images-2.jpg","episode_player_image":"https:\/\/wingulamashahidi.org\/wp-content\/plugins\/seriously-simple-podcasting\/assets\/images\/no-album-art.png","download_link":"","player_link":"","audio_player":false,"episode_data":{"playerMode":"dark","subscribeUrls":{"apple_podcasts":{"key":"apple_podcasts","url":"","label":"Apple Podcasts","class":"apple_podcasts","icon":"apple-podcasts.png"},"stitcher":{"key":"stitcher","url":"","label":"Stitcher","class":"stitcher","icon":"stitcher.png"},"google_podcasts":{"key":"google_podcasts","url":"","label":"Google Podcasts","class":"google_podcasts","icon":"google-podcasts.png"},"spotify":{"key":"spotify","url":"","label":"Spotify","class":"spotify","icon":"spotify.png"}},"rssFeedUrl":"https:\/\/wingulamashahidi.org\/de\/feed\/podcast\/wingu-la-mashahidi","embedCode":"<blockquote class=\"wp-embedded-content\" data-secret=\"3LJWjQzkdP\"><a href=\"https:\/\/wingulamashahidi.org\/de\/2022\/06\/25\/war-es-wirklich-die-gewohnheit-des-herrn-den-sabbat-zu-halten-lukas-416\/\">War es wirklich die Gewohnheit des Herrn, den Sabbat zu halten? (Lukas 4,16)<\/a><\/blockquote><iframe sandbox=\"allow-scripts\" security=\"restricted\" src=\"https:\/\/wingulamashahidi.org\/de\/2022\/06\/25\/war-es-wirklich-die-gewohnheit-des-herrn-den-sabbat-zu-halten-lukas-416\/embed\/#?secret=3LJWjQzkdP\" width=\"500\" height=\"350\" title=\"&#8222;War es wirklich die Gewohnheit des Herrn, den Sabbat zu halten? (Lukas 4,16)&#8220; &#8211; Wingu la Mashahidi\" data-secret=\"3LJWjQzkdP\" frameborder=\"0\" marginwidth=\"0\" marginheight=\"0\" scrolling=\"no\" class=\"wp-embedded-content\"><\/iframe><script type=\"text\/javascript\">\n\/* <![CDATA[ *\/\n\/*! This file is auto-generated *\/\n!function(d,l){\"use strict\";l.querySelector&&d.addEventListener&&\"undefined\"!=typeof URL&&(d.wp=d.wp||{},d.wp.receiveEmbedMessage||(d.wp.receiveEmbedMessage=function(e){var t=e.data;if((t||t.secret||t.message||t.value)&&!\/[^a-zA-Z0-9]\/.test(t.secret)){for(var s,r,n,a=l.querySelectorAll('iframe[data-secret=\"'+t.secret+'\"]'),o=l.querySelectorAll('blockquote[data-secret=\"'+t.secret+'\"]'),c=new RegExp(\"^https?:$\",\"i\"),i=0;i<o.length;i++)o[i].style.display=\"none\";for(i=0;i<a.length;i++)s=a[i],e.source===s.contentWindow&&(s.removeAttribute(\"style\"),\"height\"===t.message?(1e3<(r=parseInt(t.value,10))?r=1e3:~~r<200&&(r=200),s.height=r):\"link\"===t.message&&(r=new URL(s.getAttribute(\"src\")),n=new URL(t.value),c.test(n.protocol))&&n.host===r.host&&l.activeElement===s&&(d.top.location.href=t.value))}},d.addEventListener(\"message\",d.wp.receiveEmbedMessage,!1),l.addEventListener(\"DOMContentLoaded\",function(){for(var e,t,s=l.querySelectorAll(\"iframe.wp-embedded-content\"),r=0;r<s.length;r++)(t=(e=s[r]).getAttribute(\"data-secret\"))||(t=Math.random().toString(36).substring(2,12),e.src+=\"#?secret=\"+t,e.setAttribute(\"data-secret\",t)),e.contentWindow.postMessage({message:\"ready\",secret:t},\"*\")},!1)))}(window,document);\n\/\/# sourceURL=https:\/\/wingulamashahidi.org\/wp-includes\/js\/wp-embed.min.js\n\/* ]]> *\/\n<\/script>\n"},"yoast_head":"<!-- This site is optimized with the Yoast SEO plugin v27.4 - https:\/\/yoast.com\/product\/yoast-seo-wordpress\/ -->\n<title>War es wirklich die Gewohnheit des Herrn, den Sabbat zu halten? (Lukas 4,16) &#8211; Site title<\/title>\n<meta name=\"robots\" content=\"index, follow, max-snippet:-1, max-image-preview:large, max-video-preview:-1\" \/>\n<link rel=\"canonical\" href=\"https:\/\/wingulamashahidi.org\/de\/2022\/06\/25\/war-es-wirklich-die-gewohnheit-des-herrn-den-sabbat-zu-halten-lukas-416\/\" \/>\n<meta property=\"og:locale\" content=\"de_DE\" \/>\n<meta property=\"og:type\" content=\"article\" \/>\n<meta property=\"og:title\" content=\"War es wirklich die Gewohnheit des Herrn, den Sabbat zu halten? (Lukas 4,16) &#8211; Site title\" \/>\n<meta property=\"og:description\" content=\"Die Bibel berichtet, dass Jesus regelm\u00e4\u00dfig am Sabbattag in die Synagoge ging. Bedeutet das aber, dass auch wir den Sabbat genauso einhalten m\u00fcssen? Luka\" \/>\n<meta property=\"og:url\" content=\"https:\/\/wingulamashahidi.org\/de\/2022\/06\/25\/war-es-wirklich-die-gewohnheit-des-herrn-den-sabbat-zu-halten-lukas-416\/\" \/>\n<meta property=\"og:site_name\" content=\"Wingu la Mashahidi\" \/>\n<meta property=\"article:publisher\" content=\"https:\/\/web.facebook.com\/Wingu-La-Mashahidi-215927442275090\/\" \/>\n<meta property=\"article:published_time\" content=\"2022-06-25T13:47:23+00:00\" \/>\n<meta property=\"article:modified_time\" content=\"2026-01-12T15:36:12+00:00\" \/>\n<meta property=\"og:image\" content=\"https:\/\/wingulamashahidi.org\/wp-content\/uploads\/2022\/06\/images-2.jpg\" \/>\n\t<meta property=\"og:image:width\" content=\"275\" \/>\n\t<meta property=\"og:image:height\" content=\"183\" \/>\n\t<meta property=\"og:image:type\" content=\"image\/jpeg\" \/>\n<meta name=\"author\" content=\"Ester yusufu\" \/>\n<meta name=\"twitter:card\" content=\"summary_large_image\" \/>\n<meta name=\"twitter:creator\" content=\"@wingukuu07\" \/>\n<meta name=\"twitter:site\" content=\"@wingukuu07\" \/>\n<meta name=\"twitter:label1\" content=\"Verfasst von\" \/>\n\t<meta name=\"twitter:data1\" content=\"Ester yusufu\" \/>\n\t<meta name=\"twitter:label2\" content=\"Gesch\u00e4tzte Lesezeit\" \/>\n\t<meta name=\"twitter:data2\" content=\"2\u00a0Minuten\" \/>\n<script type=\"application\/ld+json\" class=\"yoast-schema-graph\">{\"@context\":\"https:\\\/\\\/schema.org\",\"@graph\":[{\"@type\":\"Article\",\"@id\":\"https:\\\/\\\/wingulamashahidi.org\\\/de\\\/2022\\\/06\\\/25\\\/war-es-wirklich-die-gewohnheit-des-herrn-den-sabbat-zu-halten-lukas-416\\\/#article\",\"isPartOf\":{\"@id\":\"https:\\\/\\\/wingulamashahidi.org\\\/de\\\/2022\\\/06\\\/25\\\/war-es-wirklich-die-gewohnheit-des-herrn-den-sabbat-zu-halten-lukas-416\\\/\"},\"author\":{\"name\":\"Ester yusufu\",\"@id\":\"https:\\\/\\\/wingulamashahidi.org\\\/de\\\/#\\\/schema\\\/person\\\/3c66aac4513a3acf8baccbe2df261e7c\"},\"headline\":\"War es wirklich die Gewohnheit des Herrn, den Sabbat zu halten? (Lukas 4,16)\",\"datePublished\":\"2022-06-25T13:47:23+00:00\",\"dateModified\":\"2026-01-12T15:36:12+00:00\",\"mainEntityOfPage\":{\"@id\":\"https:\\\/\\\/wingulamashahidi.org\\\/de\\\/2022\\\/06\\\/25\\\/war-es-wirklich-die-gewohnheit-des-herrn-den-sabbat-zu-halten-lukas-416\\\/\"},\"wordCount\":458,\"commentCount\":0,\"publisher\":{\"@id\":\"https:\\\/\\\/wingulamashahidi.org\\\/de\\\/#organization\"},\"image\":{\"@id\":\"https:\\\/\\\/wingulamashahidi.org\\\/de\\\/2022\\\/06\\\/25\\\/war-es-wirklich-die-gewohnheit-des-herrn-den-sabbat-zu-halten-lukas-416\\\/#primaryimage\"},\"thumbnailUrl\":\"https:\\\/\\\/wingulamashahidi.org\\\/wp-content\\\/uploads\\\/2022\\\/06\\\/images-2.jpg\",\"articleSection\":[\"Nicht kategorisiert\"],\"inLanguage\":\"de\",\"potentialAction\":[{\"@type\":\"CommentAction\",\"name\":\"Comment\",\"target\":[\"https:\\\/\\\/wingulamashahidi.org\\\/de\\\/2022\\\/06\\\/25\\\/war-es-wirklich-die-gewohnheit-des-herrn-den-sabbat-zu-halten-lukas-416\\\/#respond\"]}]},{\"@type\":\"WebPage\",\"@id\":\"https:\\\/\\\/wingulamashahidi.org\\\/de\\\/2022\\\/06\\\/25\\\/war-es-wirklich-die-gewohnheit-des-herrn-den-sabbat-zu-halten-lukas-416\\\/\",\"url\":\"https:\\\/\\\/wingulamashahidi.org\\\/de\\\/2022\\\/06\\\/25\\\/war-es-wirklich-die-gewohnheit-des-herrn-den-sabbat-zu-halten-lukas-416\\\/\",\"name\":\"War es wirklich die Gewohnheit des Herrn, den Sabbat zu halten? (Lukas 4,16) &#8211; Site title\",\"isPartOf\":{\"@id\":\"https:\\\/\\\/wingulamashahidi.org\\\/de\\\/#website\"},\"primaryImageOfPage\":{\"@id\":\"https:\\\/\\\/wingulamashahidi.org\\\/de\\\/2022\\\/06\\\/25\\\/war-es-wirklich-die-gewohnheit-des-herrn-den-sabbat-zu-halten-lukas-416\\\/#primaryimage\"},\"image\":{\"@id\":\"https:\\\/\\\/wingulamashahidi.org\\\/de\\\/2022\\\/06\\\/25\\\/war-es-wirklich-die-gewohnheit-des-herrn-den-sabbat-zu-halten-lukas-416\\\/#primaryimage\"},\"thumbnailUrl\":\"https:\\\/\\\/wingulamashahidi.org\\\/wp-content\\\/uploads\\\/2022\\\/06\\\/images-2.jpg\",\"datePublished\":\"2022-06-25T13:47:23+00:00\",\"dateModified\":\"2026-01-12T15:36:12+00:00\",\"breadcrumb\":{\"@id\":\"https:\\\/\\\/wingulamashahidi.org\\\/de\\\/2022\\\/06\\\/25\\\/war-es-wirklich-die-gewohnheit-des-herrn-den-sabbat-zu-halten-lukas-416\\\/#breadcrumb\"},\"inLanguage\":\"de\",\"potentialAction\":[{\"@type\":\"ReadAction\",\"target\":[\"https:\\\/\\\/wingulamashahidi.org\\\/de\\\/2022\\\/06\\\/25\\\/war-es-wirklich-die-gewohnheit-des-herrn-den-sabbat-zu-halten-lukas-416\\\/\"]}]},{\"@type\":\"ImageObject\",\"inLanguage\":\"de\",\"@id\":\"https:\\\/\\\/wingulamashahidi.org\\\/de\\\/2022\\\/06\\\/25\\\/war-es-wirklich-die-gewohnheit-des-herrn-den-sabbat-zu-halten-lukas-416\\\/#primaryimage\",\"url\":\"https:\\\/\\\/wingulamashahidi.org\\\/wp-content\\\/uploads\\\/2022\\\/06\\\/images-2.jpg\",\"contentUrl\":\"https:\\\/\\\/wingulamashahidi.org\\\/wp-content\\\/uploads\\\/2022\\\/06\\\/images-2.jpg\",\"width\":275,\"height\":183},{\"@type\":\"BreadcrumbList\",\"@id\":\"https:\\\/\\\/wingulamashahidi.org\\\/de\\\/2022\\\/06\\\/25\\\/war-es-wirklich-die-gewohnheit-des-herrn-den-sabbat-zu-halten-lukas-416\\\/#breadcrumb\",\"itemListElement\":[{\"@type\":\"ListItem\",\"position\":1,\"name\":\"Home\",\"item\":\"https:\\\/\\\/wingulamashahidi.org\\\/de\\\/\"},{\"@type\":\"ListItem\",\"position\":2,\"name\":\"War es wirklich die Gewohnheit des Herrn, den Sabbat zu halten? (Lukas 4,16)\"}]},{\"@type\":\"WebSite\",\"@id\":\"https:\\\/\\\/wingulamashahidi.org\\\/de\\\/#website\",\"url\":\"https:\\\/\\\/wingulamashahidi.org\\\/de\\\/\",\"name\":\"Wingu la Mashahidi\",\"description\":\"\",\"publisher\":{\"@id\":\"https:\\\/\\\/wingulamashahidi.org\\\/de\\\/#organization\"},\"potentialAction\":[{\"@type\":\"SearchAction\",\"target\":{\"@type\":\"EntryPoint\",\"urlTemplate\":\"https:\\\/\\\/wingulamashahidi.org\\\/de\\\/?s={search_term_string}\"},\"query-input\":{\"@type\":\"PropertyValueSpecification\",\"valueRequired\":true,\"valueName\":\"search_term_string\"}}],\"inLanguage\":\"de\"},{\"@type\":\"Organization\",\"@id\":\"https:\\\/\\\/wingulamashahidi.org\\\/de\\\/#organization\",\"name\":\"Die Wolke der Zeugen\",\"url\":\"https:\\\/\\\/wingulamashahidi.org\\\/de\\\/\",\"logo\":{\"@type\":\"ImageObject\",\"inLanguage\":\"de\",\"@id\":\"https:\\\/\\\/wingulamashahidi.org\\\/de\\\/#\\\/schema\\\/logo\\\/image\\\/\",\"url\":\"https:\\\/\\\/wingulamashahidi.org\\\/wp-content\\\/uploads\\\/2018\\\/08\\\/15420967_113066522521748_8712116330127403860_n.jpg\",\"contentUrl\":\"https:\\\/\\\/wingulamashahidi.org\\\/wp-content\\\/uploads\\\/2018\\\/08\\\/15420967_113066522521748_8712116330127403860_n.jpg\",\"width\":308,\"height\":308,\"caption\":\"Die Wolke der Zeugen\"},\"image\":{\"@id\":\"https:\\\/\\\/wingulamashahidi.org\\\/de\\\/#\\\/schema\\\/logo\\\/image\\\/\"},\"sameAs\":[\"https:\\\/\\\/web.facebook.com\\\/Wingu-La-Mashahidi-215927442275090\\\/\",\"https:\\\/\\\/x.com\\\/wingukuu07\"]},{\"@type\":\"Person\",\"@id\":\"https:\\\/\\\/wingulamashahidi.org\\\/de\\\/#\\\/schema\\\/person\\\/3c66aac4513a3acf8baccbe2df261e7c\",\"name\":\"Ester yusufu\",\"image\":{\"@type\":\"ImageObject\",\"inLanguage\":\"de\",\"@id\":\"https:\\\/\\\/secure.gravatar.com\\\/avatar\\\/2e43e92a5f55a0d23df43ff0985d554480d4ec6a2d80914f6a43620d1046acd5?s=96&d=mm&r=g\",\"url\":\"https:\\\/\\\/secure.gravatar.com\\\/avatar\\\/2e43e92a5f55a0d23df43ff0985d554480d4ec6a2d80914f6a43620d1046acd5?s=96&d=mm&r=g\",\"contentUrl\":\"https:\\\/\\\/secure.gravatar.com\\\/avatar\\\/2e43e92a5f55a0d23df43ff0985d554480d4ec6a2d80914f6a43620d1046acd5?s=96&d=mm&r=g\",\"caption\":\"Ester yusufu\"}}]}<\/script>\n<!-- \/ Yoast SEO plugin. -->","yoast_head_json":{"title":"War es wirklich die Gewohnheit des Herrn, den Sabbat zu halten? (Lukas 4,16) &#8211; Site title","robots":{"index":"index","follow":"follow","max-snippet":"max-snippet:-1","max-image-preview":"max-image-preview:large","max-video-preview":"max-video-preview:-1"},"canonical":"https:\/\/wingulamashahidi.org\/de\/2022\/06\/25\/war-es-wirklich-die-gewohnheit-des-herrn-den-sabbat-zu-halten-lukas-416\/","og_locale":"de_DE","og_type":"article","og_title":"War es wirklich die Gewohnheit des Herrn, den Sabbat zu halten? (Lukas 4,16) &#8211; Site title","og_description":"Die Bibel berichtet, dass Jesus regelm\u00e4\u00dfig am Sabbattag in die Synagoge ging. Bedeutet das aber, dass auch wir den Sabbat genauso einhalten m\u00fcssen? Luka","og_url":"https:\/\/wingulamashahidi.org\/de\/2022\/06\/25\/war-es-wirklich-die-gewohnheit-des-herrn-den-sabbat-zu-halten-lukas-416\/","og_site_name":"Wingu la Mashahidi","article_publisher":"https:\/\/web.facebook.com\/Wingu-La-Mashahidi-215927442275090\/","article_published_time":"2022-06-25T13:47:23+00:00","article_modified_time":"2026-01-12T15:36:12+00:00","og_image":[{"width":275,"height":183,"url":"https:\/\/wingulamashahidi.org\/wp-content\/uploads\/2022\/06\/images-2.jpg","type":"image\/jpeg"}],"author":"Ester yusufu","twitter_card":"summary_large_image","twitter_creator":"@wingukuu07","twitter_site":"@wingukuu07","twitter_misc":{"Verfasst von":"Ester yusufu","Gesch\u00e4tzte Lesezeit":"2\u00a0Minuten"},"schema":{"@context":"https:\/\/schema.org","@graph":[{"@type":"Article","@id":"https:\/\/wingulamashahidi.org\/de\/2022\/06\/25\/war-es-wirklich-die-gewohnheit-des-herrn-den-sabbat-zu-halten-lukas-416\/#article","isPartOf":{"@id":"https:\/\/wingulamashahidi.org\/de\/2022\/06\/25\/war-es-wirklich-die-gewohnheit-des-herrn-den-sabbat-zu-halten-lukas-416\/"},"author":{"name":"Ester yusufu","@id":"https:\/\/wingulamashahidi.org\/de\/#\/schema\/person\/3c66aac4513a3acf8baccbe2df261e7c"},"headline":"War es wirklich die Gewohnheit des Herrn, den Sabbat zu halten? (Lukas 4,16)","datePublished":"2022-06-25T13:47:23+00:00","dateModified":"2026-01-12T15:36:12+00:00","mainEntityOfPage":{"@id":"https:\/\/wingulamashahidi.org\/de\/2022\/06\/25\/war-es-wirklich-die-gewohnheit-des-herrn-den-sabbat-zu-halten-lukas-416\/"},"wordCount":458,"commentCount":0,"publisher":{"@id":"https:\/\/wingulamashahidi.org\/de\/#organization"},"image":{"@id":"https:\/\/wingulamashahidi.org\/de\/2022\/06\/25\/war-es-wirklich-die-gewohnheit-des-herrn-den-sabbat-zu-halten-lukas-416\/#primaryimage"},"thumbnailUrl":"https:\/\/wingulamashahidi.org\/wp-content\/uploads\/2022\/06\/images-2.jpg","articleSection":["Nicht kategorisiert"],"inLanguage":"de","potentialAction":[{"@type":"CommentAction","name":"Comment","target":["https:\/\/wingulamashahidi.org\/de\/2022\/06\/25\/war-es-wirklich-die-gewohnheit-des-herrn-den-sabbat-zu-halten-lukas-416\/#respond"]}]},{"@type":"WebPage","@id":"https:\/\/wingulamashahidi.org\/de\/2022\/06\/25\/war-es-wirklich-die-gewohnheit-des-herrn-den-sabbat-zu-halten-lukas-416\/","url":"https:\/\/wingulamashahidi.org\/de\/2022\/06\/25\/war-es-wirklich-die-gewohnheit-des-herrn-den-sabbat-zu-halten-lukas-416\/","name":"War es wirklich die Gewohnheit des Herrn, den Sabbat zu halten? (Lukas 4,16) &#8211; Site title","isPartOf":{"@id":"https:\/\/wingulamashahidi.org\/de\/#website"},"primaryImageOfPage":{"@id":"https:\/\/wingulamashahidi.org\/de\/2022\/06\/25\/war-es-wirklich-die-gewohnheit-des-herrn-den-sabbat-zu-halten-lukas-416\/#primaryimage"},"image":{"@id":"https:\/\/wingulamashahidi.org\/de\/2022\/06\/25\/war-es-wirklich-die-gewohnheit-des-herrn-den-sabbat-zu-halten-lukas-416\/#primaryimage"},"thumbnailUrl":"https:\/\/wingulamashahidi.org\/wp-content\/uploads\/2022\/06\/images-2.jpg","datePublished":"2022-06-25T13:47:23+00:00","dateModified":"2026-01-12T15:36:12+00:00","breadcrumb":{"@id":"https:\/\/wingulamashahidi.org\/de\/2022\/06\/25\/war-es-wirklich-die-gewohnheit-des-herrn-den-sabbat-zu-halten-lukas-416\/#breadcrumb"},"inLanguage":"de","potentialAction":[{"@type":"ReadAction","target":["https:\/\/wingulamashahidi.org\/de\/2022\/06\/25\/war-es-wirklich-die-gewohnheit-des-herrn-den-sabbat-zu-halten-lukas-416\/"]}]},{"@type":"ImageObject","inLanguage":"de","@id":"https:\/\/wingulamashahidi.org\/de\/2022\/06\/25\/war-es-wirklich-die-gewohnheit-des-herrn-den-sabbat-zu-halten-lukas-416\/#primaryimage","url":"https:\/\/wingulamashahidi.org\/wp-content\/uploads\/2022\/06\/images-2.jpg","contentUrl":"https:\/\/wingulamashahidi.org\/wp-content\/uploads\/2022\/06\/images-2.jpg","width":275,"height":183},{"@type":"BreadcrumbList","@id":"https:\/\/wingulamashahidi.org\/de\/2022\/06\/25\/war-es-wirklich-die-gewohnheit-des-herrn-den-sabbat-zu-halten-lukas-416\/#breadcrumb","itemListElement":[{"@type":"ListItem","position":1,"name":"Home","item":"https:\/\/wingulamashahidi.org\/de\/"},{"@type":"ListItem","position":2,"name":"War es wirklich die Gewohnheit des Herrn, den Sabbat zu halten? (Lukas 4,16)"}]},{"@type":"WebSite","@id":"https:\/\/wingulamashahidi.org\/de\/#website","url":"https:\/\/wingulamashahidi.org\/de\/","name":"Wingu la Mashahidi","description":"","publisher":{"@id":"https:\/\/wingulamashahidi.org\/de\/#organization"},"potentialAction":[{"@type":"SearchAction","target":{"@type":"EntryPoint","urlTemplate":"https:\/\/wingulamashahidi.org\/de\/?s={search_term_string}"},"query-input":{"@type":"PropertyValueSpecification","valueRequired":true,"valueName":"search_term_string"}}],"inLanguage":"de"},{"@type":"Organization","@id":"https:\/\/wingulamashahidi.org\/de\/#organization","name":"Die Wolke der Zeugen","url":"https:\/\/wingulamashahidi.org\/de\/","logo":{"@type":"ImageObject","inLanguage":"de","@id":"https:\/\/wingulamashahidi.org\/de\/#\/schema\/logo\/image\/","url":"https:\/\/wingulamashahidi.org\/wp-content\/uploads\/2018\/08\/15420967_113066522521748_8712116330127403860_n.jpg","contentUrl":"https:\/\/wingulamashahidi.org\/wp-content\/uploads\/2018\/08\/15420967_113066522521748_8712116330127403860_n.jpg","width":308,"height":308,"caption":"Die Wolke der Zeugen"},"image":{"@id":"https:\/\/wingulamashahidi.org\/de\/#\/schema\/logo\/image\/"},"sameAs":["https:\/\/web.facebook.com\/Wingu-La-Mashahidi-215927442275090\/","https:\/\/x.com\/wingukuu07"]},{"@type":"Person","@id":"https:\/\/wingulamashahidi.org\/de\/#\/schema\/person\/3c66aac4513a3acf8baccbe2df261e7c","name":"Ester yusufu","image":{"@type":"ImageObject","inLanguage":"de","@id":"https:\/\/secure.gravatar.com\/avatar\/2e43e92a5f55a0d23df43ff0985d554480d4ec6a2d80914f6a43620d1046acd5?s=96&d=mm&r=g","url":"https:\/\/secure.gravatar.com\/avatar\/2e43e92a5f55a0d23df43ff0985d554480d4ec6a2d80914f6a43620d1046acd5?s=96&d=mm&r=g","contentUrl":"https:\/\/secure.gravatar.com\/avatar\/2e43e92a5f55a0d23df43ff0985d554480d4ec6a2d80914f6a43620d1046acd5?s=96&d=mm&r=g","caption":"Ester yusufu"}}]}},"_links":{"self":[{"href":"https:\/\/wingulamashahidi.org\/de\/wp-json\/wp\/v2\/posts\/66375","targetHints":{"allow":["GET"]}}],"collection":[{"href":"https:\/\/wingulamashahidi.org\/de\/wp-json\/wp\/v2\/posts"}],"about":[{"href":"https:\/\/wingulamashahidi.org\/de\/wp-json\/wp\/v2\/types\/post"}],"author":[{"embeddable":true,"href":"https:\/\/wingulamashahidi.org\/de\/wp-json\/wp\/v2\/users\/1225"}],"replies":[{"embeddable":true,"href":"https:\/\/wingulamashahidi.org\/de\/wp-json\/wp\/v2\/comments?post=66375"}],"version-history":[{"count":1,"href":"https:\/\/wingulamashahidi.org\/de\/wp-json\/wp\/v2\/posts\/66375\/revisions"}],"predecessor-version":[{"id":66377,"href":"https:\/\/wingulamashahidi.org\/de\/wp-json\/wp\/v2\/posts\/66375\/revisions\/66377"}],"wp:featuredmedia":[{"embeddable":true,"href":"https:\/\/wingulamashahidi.org\/de\/wp-json\/wp\/v2\/media\/66376"}],"wp:attachment":[{"href":"https:\/\/wingulamashahidi.org\/de\/wp-json\/wp\/v2\/media?parent=66375"}],"wp:term":[{"taxonomy":"category","embeddable":true,"href":"https:\/\/wingulamashahidi.org\/de\/wp-json\/wp\/v2\/categories?post=66375"},{"taxonomy":"post_tag","embeddable":true,"href":"https:\/\/wingulamashahidi.org\/de\/wp-json\/wp\/v2\/tags?post=66375"},{"taxonomy":"series","embeddable":true,"href":"https:\/\/wingulamashahidi.org\/de\/wp-json\/wp\/v2\/series?post=66375"}],"curies":[{"name":"wp","href":"https:\/\/api.w.org\/{rel}","templated":true}]}}