{"id":66696,"date":"2022-06-24T12:08:01","date_gmt":"2022-06-24T09:08:01","guid":{"rendered":"https:\/\/wingulamashahidi.org\/?p=66696"},"modified":"2026-01-22T11:50:25","modified_gmt":"2026-01-22T08:50:25","slug":"soll-unser-licht-scheinen-oder-nicht","status":"publish","type":"post","link":"https:\/\/wingulamashahidi.org\/de\/2022\/06\/24\/soll-unser-licht-scheinen-oder-nicht\/","title":{"rendered":"Soll unser Licht scheinen \u2013 oder nicht?"},"content":{"rendered":"<p><strong style=\"font-size: revert; color: initial;\">Matth\u00e4us 5,16 und Matth\u00e4us 6,1 richtig verstehen<\/strong><\/p>\n<h3>Die Fragestellung<\/h3>\n<p>In Matth\u00e4us 5,16 fordert Jesus uns auf, unser Licht vor den Menschen leuchten zu lassen.<br \/>\nDoch nur ein Kapitel sp\u00e4ter warnt er in Matth\u00e4us 6,1 davor, unsere guten Werke vor den Menschen zu tun, um von ihnen gesehen zu werden.<\/p>\n<p>Auf den ersten Blick scheint das widerspr\u00fcchlich zu sein.<br \/>\nSollen Christen ihre guten Werke also sichtbar tun \u2013 oder lieber im Verborgenen?<\/p>\n<h3>Der Zusammenhang ist entscheidend<\/h3>\n<p>Schauen wir uns zun\u00e4chst Matth\u00e4us 5,14\u201316 an:<\/p>\n<p><strong>Matth\u00e4us 5,14\u201316 (Lutherbibel 2017)<\/strong><\/p>\n<blockquote><p>\u201eIhr seid das Licht der Welt. Es kann die Stadt, die auf einem Berge liegt, nicht verborgen sein.<br \/>\nMan z\u00fcndet auch nicht ein Licht an und setzt es unter einen Scheffel, sondern auf einen Leuchter; so leuchtet es allen, die im Hause sind.<br \/>\nSo lasst euer Licht leuchten vor den Leuten, damit sie eure guten Werke sehen und euren Vater im Himmel preisen.\u201c<\/p><\/blockquote>\n<p>Hier ruft Jesus seine Nachfolger dazu auf, ein Leben zu f\u00fchren, das Gottes Wesen widerspiegelt. Das \u201eLicht\u201c steht f\u00fcr ein sichtbares Leben in Gerechtigkeit, Liebe und Wahrheit. Ziel ist nicht Selbstdarstellung, sondern dass Menschen durch unser Leben <strong>Gott verherrlichen<\/strong>.<\/p>\n<p>Es geht darum, den Charakter Christi sichtbar werden zu lassen (vgl. Philipper 2,15:<\/p>\n<blockquote><p>\u201e\u2026 unter denen ihr scheint als Lichter in der Welt\u201c).<\/p><\/blockquote>\n<h3>Jesu Warnung in Matth\u00e4us 6<\/h3>\n<p>Nun lesen wir Matth\u00e4us 6,1\u20132:<\/p>\n<p><strong>Matth\u00e4us 6,1\u20132 (Lutherbibel 2017)<\/strong><\/p>\n<blockquote><p>\u201eHabt Acht auf eure Fr\u00f6mmigkeit, dass ihr die nicht \u00fcbt vor den Leuten, um von ihnen gesehen zu werden; ihr habt sonst keinen Lohn bei eurem Vater im Himmel.<br \/>\nWenn du nun Almosen gibst, sollst du es nicht vor dir ausposaunen lassen, wie es die Heuchler tun in den Synagogen und auf den Gassen, damit sie von den Leuten gepriesen werden. Wahrlich, ich sage euch: Sie haben ihren Lohn schon gehabt.\u201c<\/p><\/blockquote>\n<p>Hier kritisiert Jesus nicht das gute Werk an sich, sondern <strong>die Motivation dahinter<\/strong>.<br \/>\nDas Problem ist Stolz und Heuchelei \u2013 der Wunsch, Anerkennung und Ehre von Menschen zu bekommen, statt Gott die Ehre zu geben.<\/p>\n<h3>Kein Widerspruch \u2013 sondern zwei Herzenshaltungen<\/h3>\n<p>Diese beiden Aussagen Jesu widersprechen sich nicht, sondern erg\u00e4nzen sich:<\/p>\n<ul>\n<li><strong>Matth\u00e4us 5<\/strong> spricht von einem sichtbaren Glaubensleben, das Menschen zu Gott hinf\u00fchrt.<\/li>\n<li><strong>Matth\u00e4us 6<\/strong> warnt vor religi\u00f6sem Handeln, das aus Selbstverherrlichung geschieht.<\/li>\n<\/ul>\n<p>In der Bibel z\u00e4hlt nicht nur das, <strong>was<\/strong> wir tun, sondern <strong>warum<\/strong> wir es tun.<br \/>\nGott sieht das Herz (1. Samuel 16,7), und Gerechtigkeit ohne Demut ist vor ihm wertlos (vgl. Jesaja 64,5:<\/p>\n<blockquote><p>\u201ealle unsere Gerechtigkeit ist wie ein beflecktes Kleid\u201c).<\/p><\/blockquote>\n<p>Paulus fasst dieses Prinzip klar zusammen:<\/p>\n<p><strong>1. Korinther 10,31<\/strong><\/p>\n<blockquote><p>\u201eOb ihr nun esst oder trinkt oder was ihr auch tut, das tut alles zu Gottes Ehre.\u201c<\/p><\/blockquote>\n<p>Wahres christliches Leben weist immer nach oben \u2013 auf Gott \u2013 und nicht auf uns selbst.<\/p>\n<h3>Ein warnendes Beispiel: Herodes<\/h3>\n<p>Ein eindr\u00fcckliches Beispiel finden wir in Apostelgeschichte 12,20\u201323.<br \/>\nK\u00f6nig Herodes hielt eine \u00f6ffentliche Rede, und das Volk rief:<\/p>\n<blockquote><p>\u201eDas ist Gottes Stimme und nicht eines Menschen!\u201c<\/p><\/blockquote>\n<p>Herodes nahm diese Ehre f\u00fcr sich an, statt sie Gott zu geben.<\/p>\n<p><strong>Apostelgeschichte 12,23 (Lutherbibel 2017)<\/strong><\/p>\n<blockquote><p>\u201eAlsbald aber schlug ihn der Engel des Herrn, weil er Gott nicht die Ehre gab; und von W\u00fcrmern zerfressen gab er den Geist auf.\u201c<\/p><\/blockquote>\n<p>Das zeigt, wie ernst Gott es nimmt, wenn ihm die Ehre geraubt wird. Gute Werke oder Begabungen, die zur Selbstverherrlichung benutzt werden, sind keine echte Gerechtigkeit \u2013 sie sind geistliche T\u00e4uschung.<\/p>\n<h3>Lass dein Licht scheinen \u2013 zur Ehre Gottes<\/h3>\n<p>Zwischen Matth\u00e4us 5,16 und Matth\u00e4us 6,1 besteht kein Widerspruch, wenn wir das Grundprinzip verstehen:<\/p>\n<p><strong>Nicht die Sichtbarkeit ist das Problem \u2013 sondern die Motivation.<\/strong><\/p>\n<p>Wenn dein Ziel ist, Gott zu verherrlichen, dann lass dein Licht leuchten!<br \/>\nDiene anderen, tue Gutes, sprich die Wahrheit \u2013 damit Menschen Christus in dir erkennen.<\/p>\n<p>Wenn dein Ziel jedoch deine eigene Ehre ist, wird selbst eine gute Tat zur geistlichen Falle.<\/p>\n<p>Wir sind berufen, <strong>Gottes Licht widerzuspiegeln<\/strong>, nicht unser eigenes Rampenlicht zu suchen.<\/p>\n<p>Stelle dir deshalb regelm\u00e4\u00dfig diese Fragen:<\/p>\n<ul>\n<li>Geht es darum, Gott bekannt zu machen \u2013 oder mich selbst?<\/li>\n<li>W\u00fcrde ich das auch tun, wenn es niemand sieht au\u00dfer Gott?<\/li>\n<\/ul>\n<p>Wenn es um Gottes Ehre geht, dann handle mutig und entschlossen.<br \/>\nWenn es um deine eigene Ehre geht, kehre um und richte dein Herz neu aus.<\/p>\n<p><strong>Kolosser 3,17 (Lutherbibel 2017)<\/strong><\/p>\n<blockquote><p>\u201eUnd alles, was ihr tut mit Worten oder mit Werken, das tut alles im Namen des Herrn Jesus und dankt Gott, dem Vater, durch ihn.\u201c<\/p><\/blockquote>\n<p><em>(Der Herr kommt bald!)<\/em><\/p>\n<div class='share-to-whatsapp-wrapper'><div class='share-on-whsp'>Share on: <\/div><a data-text='Soll unser Licht scheinen \u2013 oder nicht?' data-link='https:\/\/wingulamashahidi.org\/de\/2022\/06\/24\/soll-unser-licht-scheinen-oder-nicht\/' class='whatsapp-button whatsapp-share'>WhatsApp<\/a><div class='clear '><\/div><\/div><p class=\"wpf_wrapper\"><a class=\"print_link\" href=\"\">Print this post<\/a><\/p><!-- .wpf_wrapper -->","protected":false},"excerpt":{"rendered":"<p>Matth\u00e4us 5,16 und Matth\u00e4us 6,1 richtig verstehen Die Fragestellung In Matth\u00e4us 5,16 fordert Jesus uns auf, unser Licht vor den Menschen leuchten zu lass<\/p>\n","protected":false},"author":1225,"featured_media":66697,"comment_status":"open","ping_status":"closed","sticky":false,"template":"","format":"standard","meta":{"_exactmetrics_skip_tracking":false,"_exactmetrics_sitenote_active":false,"_exactmetrics_sitenote_note":"","_exactmetrics_sitenote_category":0,"episode_type":"audio","audio_file":"","podmotor_file_id":"","podmotor_episode_id":"","cover_image":"","cover_image_id":"","duration":"","filesize":"","filesize_raw":"","date_recorded":"","explicit":"","block":"","footnotes":""},"categories":[16908],"tags":[],"series":[],"class_list":["post-66696","post","type-post","status-publish","format-standard","has-post-thumbnail","hentry","category-nicht-kategorisiert"],"episode_featured_image":"https:\/\/wingulamashahidi.org\/wp-content\/uploads\/2022\/06\/1211.png","episode_player_image":"https:\/\/wingulamashahidi.org\/wp-content\/plugins\/seriously-simple-podcasting\/assets\/images\/no-album-art.png","download_link":"","player_link":"","audio_player":false,"episode_data":{"playerMode":"dark","subscribeUrls":{"apple_podcasts":{"key":"apple_podcasts","url":"","label":"Apple Podcasts","class":"apple_podcasts","icon":"apple-podcasts.png"},"stitcher":{"key":"stitcher","url":"","label":"Stitcher","class":"stitcher","icon":"stitcher.png"},"google_podcasts":{"key":"google_podcasts","url":"","label":"Google Podcasts","class":"google_podcasts","icon":"google-podcasts.png"},"spotify":{"key":"spotify","url":"","label":"Spotify","class":"spotify","icon":"spotify.png"}},"rssFeedUrl":"https:\/\/wingulamashahidi.org\/de\/feed\/podcast\/wingu-la-mashahidi","embedCode":"<blockquote class=\"wp-embedded-content\" data-secret=\"Uy8VVX9wuI\"><a href=\"https:\/\/wingulamashahidi.org\/de\/2022\/06\/24\/soll-unser-licht-scheinen-oder-nicht\/\">Soll unser Licht scheinen \u2013 oder nicht?<\/a><\/blockquote><iframe sandbox=\"allow-scripts\" security=\"restricted\" src=\"https:\/\/wingulamashahidi.org\/de\/2022\/06\/24\/soll-unser-licht-scheinen-oder-nicht\/embed\/#?secret=Uy8VVX9wuI\" width=\"500\" height=\"350\" title=\"&#8222;Soll unser Licht scheinen \u2013 oder nicht?&#8220; &#8211; Wingu la Mashahidi\" data-secret=\"Uy8VVX9wuI\" frameborder=\"0\" marginwidth=\"0\" marginheight=\"0\" scrolling=\"no\" class=\"wp-embedded-content\"><\/iframe><script type=\"text\/javascript\">\n\/* <![CDATA[ *\/\n\/*! This file is auto-generated *\/\n!function(d,l){\"use strict\";l.querySelector&&d.addEventListener&&\"undefined\"!=typeof URL&&(d.wp=d.wp||{},d.wp.receiveEmbedMessage||(d.wp.receiveEmbedMessage=function(e){var t=e.data;if((t||t.secret||t.message||t.value)&&!\/[^a-zA-Z0-9]\/.test(t.secret)){for(var s,r,n,a=l.querySelectorAll('iframe[data-secret=\"'+t.secret+'\"]'),o=l.querySelectorAll('blockquote[data-secret=\"'+t.secret+'\"]'),c=new RegExp(\"^https?:$\",\"i\"),i=0;i<o.length;i++)o[i].style.display=\"none\";for(i=0;i<a.length;i++)s=a[i],e.source===s.contentWindow&&(s.removeAttribute(\"style\"),\"height\"===t.message?(1e3<(r=parseInt(t.value,10))?r=1e3:~~r<200&&(r=200),s.height=r):\"link\"===t.message&&(r=new URL(s.getAttribute(\"src\")),n=new URL(t.value),c.test(n.protocol))&&n.host===r.host&&l.activeElement===s&&(d.top.location.href=t.value))}},d.addEventListener(\"message\",d.wp.receiveEmbedMessage,!1),l.addEventListener(\"DOMContentLoaded\",function(){for(var e,t,s=l.querySelectorAll(\"iframe.wp-embedded-content\"),r=0;r<s.length;r++)(t=(e=s[r]).getAttribute(\"data-secret\"))||(t=Math.random().toString(36).substring(2,12),e.src+=\"#?secret=\"+t,e.setAttribute(\"data-secret\",t)),e.contentWindow.postMessage({message:\"ready\",secret:t},\"*\")},!1)))}(window,document);\n\/\/# sourceURL=https:\/\/wingulamashahidi.org\/wp-includes\/js\/wp-embed.min.js\n\/* ]]> *\/\n<\/script>\n"},"yoast_head":"<!-- This site is optimized with the Yoast SEO plugin v27.4 - https:\/\/yoast.com\/product\/yoast-seo-wordpress\/ -->\n<title>Soll unser Licht scheinen \u2013 oder nicht? &#8211; Site title<\/title>\n<meta name=\"robots\" content=\"index, follow, max-snippet:-1, max-image-preview:large, max-video-preview:-1\" \/>\n<link rel=\"canonical\" href=\"https:\/\/wingulamashahidi.org\/de\/2022\/06\/24\/soll-unser-licht-scheinen-oder-nicht\/\" \/>\n<meta property=\"og:locale\" content=\"de_DE\" \/>\n<meta property=\"og:type\" content=\"article\" \/>\n<meta property=\"og:title\" content=\"Soll unser Licht scheinen \u2013 oder nicht? &#8211; Site title\" \/>\n<meta property=\"og:description\" content=\"Matth\u00e4us 5,16 und Matth\u00e4us 6,1 richtig verstehen Die Fragestellung In Matth\u00e4us 5,16 fordert Jesus uns auf, unser Licht vor den Menschen leuchten zu lass\" \/>\n<meta property=\"og:url\" content=\"https:\/\/wingulamashahidi.org\/de\/2022\/06\/24\/soll-unser-licht-scheinen-oder-nicht\/\" \/>\n<meta property=\"og:site_name\" content=\"Wingu la Mashahidi\" \/>\n<meta property=\"article:publisher\" content=\"https:\/\/web.facebook.com\/Wingu-La-Mashahidi-215927442275090\/\" \/>\n<meta property=\"article:published_time\" content=\"2022-06-24T09:08:01+00:00\" \/>\n<meta property=\"article:modified_time\" content=\"2026-01-22T08:50:25+00:00\" \/>\n<meta property=\"og:image\" content=\"https:\/\/wingulamashahidi.org\/wp-content\/uploads\/2022\/06\/1211.png\" \/>\n\t<meta property=\"og:image:width\" content=\"310\" \/>\n\t<meta property=\"og:image:height\" content=\"364\" \/>\n\t<meta property=\"og:image:type\" content=\"image\/png\" \/>\n<meta name=\"author\" content=\"Ester yusufu\" \/>\n<meta name=\"twitter:card\" content=\"summary_large_image\" \/>\n<meta name=\"twitter:creator\" content=\"@wingukuu07\" \/>\n<meta name=\"twitter:site\" content=\"@wingukuu07\" \/>\n<meta name=\"twitter:label1\" content=\"Verfasst von\" \/>\n\t<meta name=\"twitter:data1\" content=\"Ester yusufu\" \/>\n\t<meta name=\"twitter:label2\" content=\"Gesch\u00e4tzte Lesezeit\" \/>\n\t<meta name=\"twitter:data2\" content=\"3\u00a0Minuten\" \/>\n<script type=\"application\/ld+json\" class=\"yoast-schema-graph\">{\"@context\":\"https:\\\/\\\/schema.org\",\"@graph\":[{\"@type\":\"Article\",\"@id\":\"https:\\\/\\\/wingulamashahidi.org\\\/de\\\/2022\\\/06\\\/24\\\/soll-unser-licht-scheinen-oder-nicht\\\/#article\",\"isPartOf\":{\"@id\":\"https:\\\/\\\/wingulamashahidi.org\\\/de\\\/2022\\\/06\\\/24\\\/soll-unser-licht-scheinen-oder-nicht\\\/\"},\"author\":{\"name\":\"Ester yusufu\",\"@id\":\"https:\\\/\\\/wingulamashahidi.org\\\/de\\\/#\\\/schema\\\/person\\\/3c66aac4513a3acf8baccbe2df261e7c\"},\"headline\":\"Soll unser Licht scheinen \u2013 oder nicht?\",\"datePublished\":\"2022-06-24T09:08:01+00:00\",\"dateModified\":\"2026-01-22T08:50:25+00:00\",\"mainEntityOfPage\":{\"@id\":\"https:\\\/\\\/wingulamashahidi.org\\\/de\\\/2022\\\/06\\\/24\\\/soll-unser-licht-scheinen-oder-nicht\\\/\"},\"wordCount\":727,\"commentCount\":0,\"publisher\":{\"@id\":\"https:\\\/\\\/wingulamashahidi.org\\\/de\\\/#organization\"},\"image\":{\"@id\":\"https:\\\/\\\/wingulamashahidi.org\\\/de\\\/2022\\\/06\\\/24\\\/soll-unser-licht-scheinen-oder-nicht\\\/#primaryimage\"},\"thumbnailUrl\":\"https:\\\/\\\/wingulamashahidi.org\\\/wp-content\\\/uploads\\\/2022\\\/06\\\/1211.png\",\"articleSection\":[\"Nicht kategorisiert\"],\"inLanguage\":\"de\",\"potentialAction\":[{\"@type\":\"CommentAction\",\"name\":\"Comment\",\"target\":[\"https:\\\/\\\/wingulamashahidi.org\\\/de\\\/2022\\\/06\\\/24\\\/soll-unser-licht-scheinen-oder-nicht\\\/#respond\"]}]},{\"@type\":\"WebPage\",\"@id\":\"https:\\\/\\\/wingulamashahidi.org\\\/de\\\/2022\\\/06\\\/24\\\/soll-unser-licht-scheinen-oder-nicht\\\/\",\"url\":\"https:\\\/\\\/wingulamashahidi.org\\\/de\\\/2022\\\/06\\\/24\\\/soll-unser-licht-scheinen-oder-nicht\\\/\",\"name\":\"Soll unser Licht scheinen \u2013 oder nicht? &#8211; Site title\",\"isPartOf\":{\"@id\":\"https:\\\/\\\/wingulamashahidi.org\\\/de\\\/#website\"},\"primaryImageOfPage\":{\"@id\":\"https:\\\/\\\/wingulamashahidi.org\\\/de\\\/2022\\\/06\\\/24\\\/soll-unser-licht-scheinen-oder-nicht\\\/#primaryimage\"},\"image\":{\"@id\":\"https:\\\/\\\/wingulamashahidi.org\\\/de\\\/2022\\\/06\\\/24\\\/soll-unser-licht-scheinen-oder-nicht\\\/#primaryimage\"},\"thumbnailUrl\":\"https:\\\/\\\/wingulamashahidi.org\\\/wp-content\\\/uploads\\\/2022\\\/06\\\/1211.png\",\"datePublished\":\"2022-06-24T09:08:01+00:00\",\"dateModified\":\"2026-01-22T08:50:25+00:00\",\"breadcrumb\":{\"@id\":\"https:\\\/\\\/wingulamashahidi.org\\\/de\\\/2022\\\/06\\\/24\\\/soll-unser-licht-scheinen-oder-nicht\\\/#breadcrumb\"},\"inLanguage\":\"de\",\"potentialAction\":[{\"@type\":\"ReadAction\",\"target\":[\"https:\\\/\\\/wingulamashahidi.org\\\/de\\\/2022\\\/06\\\/24\\\/soll-unser-licht-scheinen-oder-nicht\\\/\"]}]},{\"@type\":\"ImageObject\",\"inLanguage\":\"de\",\"@id\":\"https:\\\/\\\/wingulamashahidi.org\\\/de\\\/2022\\\/06\\\/24\\\/soll-unser-licht-scheinen-oder-nicht\\\/#primaryimage\",\"url\":\"https:\\\/\\\/wingulamashahidi.org\\\/wp-content\\\/uploads\\\/2022\\\/06\\\/1211.png\",\"contentUrl\":\"https:\\\/\\\/wingulamashahidi.org\\\/wp-content\\\/uploads\\\/2022\\\/06\\\/1211.png\",\"width\":310,\"height\":364},{\"@type\":\"BreadcrumbList\",\"@id\":\"https:\\\/\\\/wingulamashahidi.org\\\/de\\\/2022\\\/06\\\/24\\\/soll-unser-licht-scheinen-oder-nicht\\\/#breadcrumb\",\"itemListElement\":[{\"@type\":\"ListItem\",\"position\":1,\"name\":\"Home\",\"item\":\"https:\\\/\\\/wingulamashahidi.org\\\/de\\\/\"},{\"@type\":\"ListItem\",\"position\":2,\"name\":\"Soll unser Licht scheinen \u2013 oder nicht?\"}]},{\"@type\":\"WebSite\",\"@id\":\"https:\\\/\\\/wingulamashahidi.org\\\/de\\\/#website\",\"url\":\"https:\\\/\\\/wingulamashahidi.org\\\/de\\\/\",\"name\":\"Wingu la Mashahidi\",\"description\":\"\",\"publisher\":{\"@id\":\"https:\\\/\\\/wingulamashahidi.org\\\/de\\\/#organization\"},\"potentialAction\":[{\"@type\":\"SearchAction\",\"target\":{\"@type\":\"EntryPoint\",\"urlTemplate\":\"https:\\\/\\\/wingulamashahidi.org\\\/de\\\/?s={search_term_string}\"},\"query-input\":{\"@type\":\"PropertyValueSpecification\",\"valueRequired\":true,\"valueName\":\"search_term_string\"}}],\"inLanguage\":\"de\"},{\"@type\":\"Organization\",\"@id\":\"https:\\\/\\\/wingulamashahidi.org\\\/de\\\/#organization\",\"name\":\"Die Wolke der Zeugen\",\"url\":\"https:\\\/\\\/wingulamashahidi.org\\\/de\\\/\",\"logo\":{\"@type\":\"ImageObject\",\"inLanguage\":\"de\",\"@id\":\"https:\\\/\\\/wingulamashahidi.org\\\/de\\\/#\\\/schema\\\/logo\\\/image\\\/\",\"url\":\"https:\\\/\\\/wingulamashahidi.org\\\/wp-content\\\/uploads\\\/2018\\\/08\\\/15420967_113066522521748_8712116330127403860_n.jpg\",\"contentUrl\":\"https:\\\/\\\/wingulamashahidi.org\\\/wp-content\\\/uploads\\\/2018\\\/08\\\/15420967_113066522521748_8712116330127403860_n.jpg\",\"width\":308,\"height\":308,\"caption\":\"Die Wolke der Zeugen\"},\"image\":{\"@id\":\"https:\\\/\\\/wingulamashahidi.org\\\/de\\\/#\\\/schema\\\/logo\\\/image\\\/\"},\"sameAs\":[\"https:\\\/\\\/web.facebook.com\\\/Wingu-La-Mashahidi-215927442275090\\\/\",\"https:\\\/\\\/x.com\\\/wingukuu07\"]},{\"@type\":\"Person\",\"@id\":\"https:\\\/\\\/wingulamashahidi.org\\\/de\\\/#\\\/schema\\\/person\\\/3c66aac4513a3acf8baccbe2df261e7c\",\"name\":\"Ester yusufu\",\"image\":{\"@type\":\"ImageObject\",\"inLanguage\":\"de\",\"@id\":\"https:\\\/\\\/secure.gravatar.com\\\/avatar\\\/2e43e92a5f55a0d23df43ff0985d554480d4ec6a2d80914f6a43620d1046acd5?s=96&d=mm&r=g\",\"url\":\"https:\\\/\\\/secure.gravatar.com\\\/avatar\\\/2e43e92a5f55a0d23df43ff0985d554480d4ec6a2d80914f6a43620d1046acd5?s=96&d=mm&r=g\",\"contentUrl\":\"https:\\\/\\\/secure.gravatar.com\\\/avatar\\\/2e43e92a5f55a0d23df43ff0985d554480d4ec6a2d80914f6a43620d1046acd5?s=96&d=mm&r=g\",\"caption\":\"Ester yusufu\"}}]}<\/script>\n<!-- \/ Yoast SEO plugin. -->","yoast_head_json":{"title":"Soll unser Licht scheinen \u2013 oder nicht? &#8211; Site title","robots":{"index":"index","follow":"follow","max-snippet":"max-snippet:-1","max-image-preview":"max-image-preview:large","max-video-preview":"max-video-preview:-1"},"canonical":"https:\/\/wingulamashahidi.org\/de\/2022\/06\/24\/soll-unser-licht-scheinen-oder-nicht\/","og_locale":"de_DE","og_type":"article","og_title":"Soll unser Licht scheinen \u2013 oder nicht? &#8211; Site title","og_description":"Matth\u00e4us 5,16 und Matth\u00e4us 6,1 richtig verstehen Die Fragestellung In Matth\u00e4us 5,16 fordert Jesus uns auf, unser Licht vor den Menschen leuchten zu lass","og_url":"https:\/\/wingulamashahidi.org\/de\/2022\/06\/24\/soll-unser-licht-scheinen-oder-nicht\/","og_site_name":"Wingu la Mashahidi","article_publisher":"https:\/\/web.facebook.com\/Wingu-La-Mashahidi-215927442275090\/","article_published_time":"2022-06-24T09:08:01+00:00","article_modified_time":"2026-01-22T08:50:25+00:00","og_image":[{"width":310,"height":364,"url":"https:\/\/wingulamashahidi.org\/wp-content\/uploads\/2022\/06\/1211.png","type":"image\/png"}],"author":"Ester yusufu","twitter_card":"summary_large_image","twitter_creator":"@wingukuu07","twitter_site":"@wingukuu07","twitter_misc":{"Verfasst von":"Ester yusufu","Gesch\u00e4tzte Lesezeit":"3\u00a0Minuten"},"schema":{"@context":"https:\/\/schema.org","@graph":[{"@type":"Article","@id":"https:\/\/wingulamashahidi.org\/de\/2022\/06\/24\/soll-unser-licht-scheinen-oder-nicht\/#article","isPartOf":{"@id":"https:\/\/wingulamashahidi.org\/de\/2022\/06\/24\/soll-unser-licht-scheinen-oder-nicht\/"},"author":{"name":"Ester yusufu","@id":"https:\/\/wingulamashahidi.org\/de\/#\/schema\/person\/3c66aac4513a3acf8baccbe2df261e7c"},"headline":"Soll unser Licht scheinen \u2013 oder nicht?","datePublished":"2022-06-24T09:08:01+00:00","dateModified":"2026-01-22T08:50:25+00:00","mainEntityOfPage":{"@id":"https:\/\/wingulamashahidi.org\/de\/2022\/06\/24\/soll-unser-licht-scheinen-oder-nicht\/"},"wordCount":727,"commentCount":0,"publisher":{"@id":"https:\/\/wingulamashahidi.org\/de\/#organization"},"image":{"@id":"https:\/\/wingulamashahidi.org\/de\/2022\/06\/24\/soll-unser-licht-scheinen-oder-nicht\/#primaryimage"},"thumbnailUrl":"https:\/\/wingulamashahidi.org\/wp-content\/uploads\/2022\/06\/1211.png","articleSection":["Nicht kategorisiert"],"inLanguage":"de","potentialAction":[{"@type":"CommentAction","name":"Comment","target":["https:\/\/wingulamashahidi.org\/de\/2022\/06\/24\/soll-unser-licht-scheinen-oder-nicht\/#respond"]}]},{"@type":"WebPage","@id":"https:\/\/wingulamashahidi.org\/de\/2022\/06\/24\/soll-unser-licht-scheinen-oder-nicht\/","url":"https:\/\/wingulamashahidi.org\/de\/2022\/06\/24\/soll-unser-licht-scheinen-oder-nicht\/","name":"Soll unser Licht scheinen \u2013 oder nicht? &#8211; Site title","isPartOf":{"@id":"https:\/\/wingulamashahidi.org\/de\/#website"},"primaryImageOfPage":{"@id":"https:\/\/wingulamashahidi.org\/de\/2022\/06\/24\/soll-unser-licht-scheinen-oder-nicht\/#primaryimage"},"image":{"@id":"https:\/\/wingulamashahidi.org\/de\/2022\/06\/24\/soll-unser-licht-scheinen-oder-nicht\/#primaryimage"},"thumbnailUrl":"https:\/\/wingulamashahidi.org\/wp-content\/uploads\/2022\/06\/1211.png","datePublished":"2022-06-24T09:08:01+00:00","dateModified":"2026-01-22T08:50:25+00:00","breadcrumb":{"@id":"https:\/\/wingulamashahidi.org\/de\/2022\/06\/24\/soll-unser-licht-scheinen-oder-nicht\/#breadcrumb"},"inLanguage":"de","potentialAction":[{"@type":"ReadAction","target":["https:\/\/wingulamashahidi.org\/de\/2022\/06\/24\/soll-unser-licht-scheinen-oder-nicht\/"]}]},{"@type":"ImageObject","inLanguage":"de","@id":"https:\/\/wingulamashahidi.org\/de\/2022\/06\/24\/soll-unser-licht-scheinen-oder-nicht\/#primaryimage","url":"https:\/\/wingulamashahidi.org\/wp-content\/uploads\/2022\/06\/1211.png","contentUrl":"https:\/\/wingulamashahidi.org\/wp-content\/uploads\/2022\/06\/1211.png","width":310,"height":364},{"@type":"BreadcrumbList","@id":"https:\/\/wingulamashahidi.org\/de\/2022\/06\/24\/soll-unser-licht-scheinen-oder-nicht\/#breadcrumb","itemListElement":[{"@type":"ListItem","position":1,"name":"Home","item":"https:\/\/wingulamashahidi.org\/de\/"},{"@type":"ListItem","position":2,"name":"Soll unser Licht scheinen \u2013 oder nicht?"}]},{"@type":"WebSite","@id":"https:\/\/wingulamashahidi.org\/de\/#website","url":"https:\/\/wingulamashahidi.org\/de\/","name":"Wingu la Mashahidi","description":"","publisher":{"@id":"https:\/\/wingulamashahidi.org\/de\/#organization"},"potentialAction":[{"@type":"SearchAction","target":{"@type":"EntryPoint","urlTemplate":"https:\/\/wingulamashahidi.org\/de\/?s={search_term_string}"},"query-input":{"@type":"PropertyValueSpecification","valueRequired":true,"valueName":"search_term_string"}}],"inLanguage":"de"},{"@type":"Organization","@id":"https:\/\/wingulamashahidi.org\/de\/#organization","name":"Die Wolke der Zeugen","url":"https:\/\/wingulamashahidi.org\/de\/","logo":{"@type":"ImageObject","inLanguage":"de","@id":"https:\/\/wingulamashahidi.org\/de\/#\/schema\/logo\/image\/","url":"https:\/\/wingulamashahidi.org\/wp-content\/uploads\/2018\/08\/15420967_113066522521748_8712116330127403860_n.jpg","contentUrl":"https:\/\/wingulamashahidi.org\/wp-content\/uploads\/2018\/08\/15420967_113066522521748_8712116330127403860_n.jpg","width":308,"height":308,"caption":"Die Wolke der Zeugen"},"image":{"@id":"https:\/\/wingulamashahidi.org\/de\/#\/schema\/logo\/image\/"},"sameAs":["https:\/\/web.facebook.com\/Wingu-La-Mashahidi-215927442275090\/","https:\/\/x.com\/wingukuu07"]},{"@type":"Person","@id":"https:\/\/wingulamashahidi.org\/de\/#\/schema\/person\/3c66aac4513a3acf8baccbe2df261e7c","name":"Ester yusufu","image":{"@type":"ImageObject","inLanguage":"de","@id":"https:\/\/secure.gravatar.com\/avatar\/2e43e92a5f55a0d23df43ff0985d554480d4ec6a2d80914f6a43620d1046acd5?s=96&d=mm&r=g","url":"https:\/\/secure.gravatar.com\/avatar\/2e43e92a5f55a0d23df43ff0985d554480d4ec6a2d80914f6a43620d1046acd5?s=96&d=mm&r=g","contentUrl":"https:\/\/secure.gravatar.com\/avatar\/2e43e92a5f55a0d23df43ff0985d554480d4ec6a2d80914f6a43620d1046acd5?s=96&d=mm&r=g","caption":"Ester yusufu"}}]}},"_links":{"self":[{"href":"https:\/\/wingulamashahidi.org\/de\/wp-json\/wp\/v2\/posts\/66696","targetHints":{"allow":["GET"]}}],"collection":[{"href":"https:\/\/wingulamashahidi.org\/de\/wp-json\/wp\/v2\/posts"}],"about":[{"href":"https:\/\/wingulamashahidi.org\/de\/wp-json\/wp\/v2\/types\/post"}],"author":[{"embeddable":true,"href":"https:\/\/wingulamashahidi.org\/de\/wp-json\/wp\/v2\/users\/1225"}],"replies":[{"embeddable":true,"href":"https:\/\/wingulamashahidi.org\/de\/wp-json\/wp\/v2\/comments?post=66696"}],"version-history":[{"count":1,"href":"https:\/\/wingulamashahidi.org\/de\/wp-json\/wp\/v2\/posts\/66696\/revisions"}],"predecessor-version":[{"id":66698,"href":"https:\/\/wingulamashahidi.org\/de\/wp-json\/wp\/v2\/posts\/66696\/revisions\/66698"}],"wp:featuredmedia":[{"embeddable":true,"href":"https:\/\/wingulamashahidi.org\/de\/wp-json\/wp\/v2\/media\/66697"}],"wp:attachment":[{"href":"https:\/\/wingulamashahidi.org\/de\/wp-json\/wp\/v2\/media?parent=66696"}],"wp:term":[{"taxonomy":"category","embeddable":true,"href":"https:\/\/wingulamashahidi.org\/de\/wp-json\/wp\/v2\/categories?post=66696"},{"taxonomy":"post_tag","embeddable":true,"href":"https:\/\/wingulamashahidi.org\/de\/wp-json\/wp\/v2\/tags?post=66696"},{"taxonomy":"series","embeddable":true,"href":"https:\/\/wingulamashahidi.org\/de\/wp-json\/wp\/v2\/series?post=66696"}],"curies":[{"name":"wp","href":"https:\/\/api.w.org\/{rel}","templated":true}]}}